{"id":6168,"date":"2026-02-24T23:14:33","date_gmt":"2026-02-24T22:14:33","guid":{"rendered":"https:\/\/radio.uksw.edu.pl\/?p=6168"},"modified":"2026-02-24T23:14:34","modified_gmt":"2026-02-24T22:14:34","slug":"rusza-plebiscyt-wydzialowy-student-roku","status":"publish","type":"post","link":"https:\/\/radio.uksw.edu.pl\/rusza-plebiscyt-wydzialowy-student-roku\/","title":{"rendered":"Rusza plebiscyt \u201eWydzia\u0142owy Student Roku\u201d"},"content":{"rendered":"\n<h2 class=\"wp-block-heading\">Rektor UKSW i Prorektor ds. studenckich i kszta\u0142cenia zapraszaj\u0105 do udzia\u0142u w plebiscycie \u201eWydzia\u0142owy Student Roku\u201d. Celem inicjatywy jest wyr\u00f3\u017cnienie student\u00f3w, kt\u00f3rzy w spos\u00f3b szczeg\u00f3lny przyczyniaj\u0105 si\u0119 do rozwoju swoich wydzia\u0142\u00f3w, \u0142\u0105cz\u0105c wysokie wyniki w nauce z aktywno\u015bci\u0105 akademick\u0105, spo\u0142eczn\u0105 oraz wzorow\u0105 postaw\u0105 etyczn\u0105.<\/h2>\n\n\n\n<p><\/p>\n\n\n\n<p>Plebiscyt organizuje Prorektor ds. studenckich i kszta\u0142cenia UKSW oraz Centrum Wsparcia Studenta z udzia\u0142em w\u0142adz dzieka\u0144skich poszczeg\u00f3lnych wydzia\u0142\u00f3w. Konkurs ma charakter cykliczny i stanowi wa\u017cny element doceniania zaanga\u017cowania student\u00f3w w \u017cycie akademickie i spo\u0142eczne Uczelni.<\/p>\n\n\n\n<p>\u2013 Podczas corocznej Gali Diament\u00f3w UKSW studenci wyr\u00f3\u017cniaj\u0105 wyk\u0142adowc\u00f3w oraz pracownik\u00f3w administracyjnych, doceniaj\u0105c ich wk\u0142ad w rozw\u00f3j spo\u0142eczno\u015bci akademickiej. W zwi\u0105zku z tym zasadne wydaje si\u0119 r\u00f3wnie\u017c podkre\u015blenie roli i osi\u0105gni\u0119\u0107 samych student\u00f3w, kt\u00f3rzy wsp\u00f3\u0142tworz\u0105 \u017cycie Uniwersytetu \u2013 wyja\u015bnia prorektor ds. studenckich i kszta\u0142cenia UKSW, dr hab. Anna Fidelus, prof. ucz.<\/p>\n\n\n\n<p>Kandydatami do tytu\u0142u \u201eWydzia\u0142owego Studenta Roku\u201d mog\u0105 by\u0107 wszyscy, kt\u00f3rzy posiadaj\u0105 status studenta jednego z dwunastu wydzia\u0142\u00f3w UKSW. Zg\u0142osze\u0144 kandydat\u00f3w mog\u0105 dokonywa\u0107 dziekani, prodziekani, nauczyciele akademiccy oraz pracownicy administracyjni. Ka\u017cdy uprawniony pracownik mo\u017ce zg\u0142osi\u0107 jednego kandydata.<\/p>\n\n\n\n<p>Formularz zg\u0142oszeniowy nale\u017cy przes\u0142a\u0107 do w\u0142a\u015bciwego dziekanatu do 31 marca 2026 r.<\/p>\n\n\n\n<p>Komisje plebiscytowe oceni\u0105 kandydat\u00f3w bior\u0105c pod uwag\u0119 osi\u0105gni\u0119cia naukowe, w tym dzia\u0142alno\u015b\u0107 w ko\u0142ach naukowych, udzia\u0142 w projektach i konferencjach oraz publikacje w czasopismach punktowanych, dzia\u0142alno\u015b\u0107 spo\u0142eczn\u0105, inicjatywy podejmowane na rzecz spo\u0142eczno\u015bci akademickiej, a tak\u017ce osi\u0105gni\u0119cia sportowe czy artystyczne.<\/p>\n\n\n\n<p>W\u015br\u00f3d kryteri\u00f3w oceny komisje plebiscytowe wezm\u0105 pod uwag\u0119 tak\u017ce wype\u0142nianie podstawowych obowi\u0105zk\u00f3w studenta, poszanowanie praw i obyczaj\u00f3w akademickich. Dodatkowo uwzgl\u0119dniane mog\u0105 by\u0107 osi\u0105gni\u0119cia o charakterze mi\u0119dzyuczelnianym lub mi\u0119dzynarodowym.<\/p>\n\n\n\n<p>Ka\u017cdy wydzia\u0142 wy\u0142oni jednego laureata plebiscytu. Zwyci\u0119zcy otrzymaj\u0105 honorowy tytu\u0142 \u201eWydzia\u0142owego Studenta Roku\u201d oraz nagrod\u0119 ufundowan\u0105 przez Rektora UKSW. Wyniki zostan\u0105 og\u0142oszone podczas \u015awi\u0119ta Uczelni w maju 2026 r.<\/p>\n\n\n\n<p>\u2013 Organizacja niniejszego plebiscytu ma na celu, z jednej strony, zaakcentowanie znaczenia aktywno\u015bci studenckiej jako istotnego elementu funkcjonowania wsp\u00f3lnoty akademickiej, pozostaj\u0105cego w zgodzie z misj\u0105 spo\u0142ecznej odpowiedzialno\u015bci Uniwersytetu. Z drugiej strony inicjatywa ta s\u0142u\u017cy promowaniu postaw zaanga\u017cowania spo\u0142ecznego i samorz\u0105dowego w\u015br\u00f3d student\u00f3w, zach\u0119caj\u0105c ich do aktywnego uczestnictwa w \u017cyciu Uczelni oraz podejmowania dzia\u0142a\u0144 na rzecz jej rozwoju \u2013 podsumowuje prorektor ds. studenckich i kszta\u0142cenia UKSW, dr hab. Anna Fidelus, prof. ucz.<\/p>\n","protected":false},"excerpt":{"rendered":"<p>Rektor UKSW i Prorektor ds. studenckich i kszta\u0142cenia zapraszaj\u0105 do udzia\u0142u w plebiscycie \u201eWydzia\u0142owy Student Roku\u201d. Celem inicjatywy jest wyr\u00f3\u017cnienie student\u00f3w, kt\u00f3rzy w spos\u00f3b szczeg\u00f3lny przyczyniaj\u0105 si\u0119 do rozwoju swoich wydzia\u0142\u00f3w, \u0142\u0105cz\u0105c wysokie wyniki w nauce z aktywno\u015bci\u0105 akademick\u0105, spo\u0142eczn\u0105 oraz wzorow\u0105 postaw\u0105 etyczn\u0105. Plebiscyt organizuje Prorektor ds. studenckich i kszta\u0142cenia UKSW oraz Centrum Wsparcia [&hellip;]<\/p>\n","protected":false},"author":39,"featured_media":0,"comment_status":"closed","ping_status":"closed","sticky":false,"template":"","format":"standard","meta":{"_acf_changed":false,"inline_featured_image":false,"footnotes":"","_links_to":"","_links_to_target":""},"categories":[1],"tags":[],"class_list":["post-6168","post","type-post","status-publish","format-standard","hentry","category-aktualnosci"],"acf":[],"_links":{"self":[{"href":"https:\/\/radio.uksw.edu.pl\/pl\/wp-json\/wp\/v2\/posts\/6168","targetHints":{"allow":["GET"]}}],"collection":[{"href":"https:\/\/radio.uksw.edu.pl\/pl\/wp-json\/wp\/v2\/posts"}],"about":[{"href":"https:\/\/radio.uksw.edu.pl\/pl\/wp-json\/wp\/v2\/types\/post"}],"author":[{"embeddable":true,"href":"https:\/\/radio.uksw.edu.pl\/pl\/wp-json\/wp\/v2\/users\/39"}],"replies":[{"embeddable":true,"href":"https:\/\/radio.uksw.edu.pl\/pl\/wp-json\/wp\/v2\/comments?post=6168"}],"version-history":[{"count":1,"href":"https:\/\/radio.uksw.edu.pl\/pl\/wp-json\/wp\/v2\/posts\/6168\/revisions"}],"predecessor-version":[{"id":6169,"href":"https:\/\/radio.uksw.edu.pl\/pl\/wp-json\/wp\/v2\/posts\/6168\/revisions\/6169"}],"wp:attachment":[{"href":"https:\/\/radio.uksw.edu.pl\/pl\/wp-json\/wp\/v2\/media?parent=6168"}],"wp:term":[{"taxonomy":"category","embeddable":true,"href":"https:\/\/radio.uksw.edu.pl\/pl\/wp-json\/wp\/v2\/categories?post=6168"},{"taxonomy":"post_tag","embeddable":true,"href":"https:\/\/radio.uksw.edu.pl\/pl\/wp-json\/wp\/v2\/tags?post=6168"}],"curies":[{"name":"wp","href":"https:\/\/api.w.org\/{rel}","templated":true}]}}