{"id":6046,"date":"2025-04-16T10:00:41","date_gmt":"2025-04-16T08:00:41","guid":{"rendered":"https:\/\/radio.uksw.edu.pl\/?p=6046"},"modified":"2025-04-17T08:24:02","modified_gmt":"2025-04-17T06:24:02","slug":"swieta-zmartychwstania-panskiego-w-radiu-uksw","status":"publish","type":"post","link":"https:\/\/radio.uksw.edu.pl\/swieta-zmartychwstania-panskiego-w-radiu-uksw\/","title":{"rendered":"Triduum Paschalne i \u015awi\u0119ta Zmartychwstania Pa\u0144skiego w Radiu UKSW"},"content":{"rendered":"\n<p><br>Drodzy S\u0142uchacze!<\/p>\n\n\n\n<p>W&nbsp;czasie Triduum Paschalnego i&nbsp;\u015awi\u0105t Zmartwychwstania Pa\u0144skiego na&nbsp;naszej antenie na&nbsp;<a href=\"http:\/\/radio.uksw.edu.pl\/sluchaj-nas\/\">http:\/\/radio.uksw.edu.pl\/sluchaj-nas\/<\/a>&nbsp;zapraszamy do&nbsp;wys\u0142uchania nabo\u017ce\u0144stw:<\/p>\n\n\n\n<p><strong>Msza Wieczerzy Pa\u0144skiej w&nbsp;Wielki Czwartek&nbsp;<\/strong>(godz.&nbsp;18:00, Katedra Warszawsko-Praska),<\/p>\n\n\n\n<p><strong>Liturgia M\u0119ki Pa\u0144skiej w&nbsp;Wielki Pi\u0105tek&nbsp;<\/strong>(godz.&nbsp;18:00, Katedra Warszawsko-Praska),<\/p>\n\n\n\n<p><strong>Wigilia Paschalna w&nbsp;Wielk\u0105 Sobot\u0119<\/strong>&nbsp;(godz.&nbsp;20.00, Katedra Warszawsko-Praska),<\/p>\n\n\n\n<p><strong>Msza \u015awi\u0119ta Rezurekcyjna&nbsp;<\/strong>w&nbsp;Niedziel\u0119 Zmartwychwstania Pa\u0144skiego (godz.&nbsp;6.00, Katedra Warszawsko-Praska).<\/p>\n\n\n\n<p>Transmisj\u0119 Liturgii Triduum Paschalnego i&nbsp;Mszy \u015awi\u0119tej Rezurekcyjnej przeprowadzamy dzi\u0119ki uprzejmo\u015bci Radia Warszawa 106,2 fm.<\/p>\n\n\n\n<p>B\u0142ogos\u0142awionych \u015awi\u0105t Zmartwychwstania Pa\u0144skiego \u017cyczy Pa\u0144stwu Redakcja Radia UKSW!<\/p>\n\n\n\n<p><\/p>\n","protected":false},"excerpt":{"rendered":"<p>Drodzy S\u0142uchacze! W&nbsp;czasie Triduum Paschalnego i&nbsp;\u015awi\u0105t Zmartwychwstania Pa\u0144skiego na&nbsp;naszej antenie na&nbsp;http:\/\/radio.uksw.edu.pl\/sluchaj-nas\/&nbsp;zapraszamy do&nbsp;wys\u0142uchania nabo\u017ce\u0144stw: Msza Wieczerzy Pa\u0144skiej w&nbsp;Wielki Czwartek&nbsp;(godz.&nbsp;18:00, Katedra Warszawsko-Praska), Liturgia M\u0119ki Pa\u0144skiej w&nbsp;Wielki Pi\u0105tek&nbsp;(godz.&nbsp;18:00, Katedra Warszawsko-Praska), Wigilia Paschalna w&nbsp;Wielk\u0105 Sobot\u0119&nbsp;(godz.&nbsp;20.00, Katedra Warszawsko-Praska), Msza \u015awi\u0119ta Rezurekcyjna&nbsp;w&nbsp;Niedziel\u0119 Zmartwychwstania Pa\u0144skiego (godz.&nbsp;6.00, Katedra Warszawsko-Praska). Transmisj\u0119 Liturgii Triduum Paschalnego i&nbsp;Mszy \u015awi\u0119tej Rezurekcyjnej przeprowadzamy dzi\u0119ki uprzejmo\u015bci Radia Warszawa 106,2 fm. [&hellip;]<\/p>\n","protected":false},"author":39,"featured_media":6047,"comment_status":"closed","ping_status":"closed","sticky":false,"template":"","format":"standard","meta":{"_acf_changed":false,"inline_featured_image":false,"footnotes":"","_links_to":"","_links_to_target":""},"categories":[1,17],"tags":[],"class_list":["post-6046","post","type-post","status-publish","format-standard","has-post-thumbnail","hentry","category-aktualnosci","category-wiara"],"acf":[],"_links":{"self":[{"href":"https:\/\/radio.uksw.edu.pl\/pl\/wp-json\/wp\/v2\/posts\/6046","targetHints":{"allow":["GET"]}}],"collection":[{"href":"https:\/\/radio.uksw.edu.pl\/pl\/wp-json\/wp\/v2\/posts"}],"about":[{"href":"https:\/\/radio.uksw.edu.pl\/pl\/wp-json\/wp\/v2\/types\/post"}],"author":[{"embeddable":true,"href":"https:\/\/radio.uksw.edu.pl\/pl\/wp-json\/wp\/v2\/users\/39"}],"replies":[{"embeddable":true,"href":"https:\/\/radio.uksw.edu.pl\/pl\/wp-json\/wp\/v2\/comments?post=6046"}],"version-history":[{"count":3,"href":"https:\/\/radio.uksw.edu.pl\/pl\/wp-json\/wp\/v2\/posts\/6046\/revisions"}],"predecessor-version":[{"id":6054,"href":"https:\/\/radio.uksw.edu.pl\/pl\/wp-json\/wp\/v2\/posts\/6046\/revisions\/6054"}],"wp:featuredmedia":[{"embeddable":true,"href":"https:\/\/radio.uksw.edu.pl\/pl\/wp-json\/wp\/v2\/media\/6047"}],"wp:attachment":[{"href":"https:\/\/radio.uksw.edu.pl\/pl\/wp-json\/wp\/v2\/media?parent=6046"}],"wp:term":[{"taxonomy":"category","embeddable":true,"href":"https:\/\/radio.uksw.edu.pl\/pl\/wp-json\/wp\/v2\/categories?post=6046"},{"taxonomy":"post_tag","embeddable":true,"href":"https:\/\/radio.uksw.edu.pl\/pl\/wp-json\/wp\/v2\/tags?post=6046"}],"curies":[{"name":"wp","href":"https:\/\/api.w.org\/{rel}","templated":true}]}}