{"id":5986,"date":"2024-11-25T07:33:28","date_gmt":"2024-11-25T06:33:28","guid":{"rendered":"https:\/\/radio.uksw.edu.pl\/?p=5986"},"modified":"2024-11-25T07:33:30","modified_gmt":"2024-11-25T06:33:30","slug":"podcasty-przygotowane-w-ramach-konferencji-dni-medialne-uksw-2024","status":"publish","type":"post","link":"https:\/\/radio.uksw.edu.pl\/podcasty-przygotowane-w-ramach-konferencji-dni-medialne-uksw-2024\/","title":{"rendered":"Podcasty przygotowane w ramach konferencji Dni Medialne UKSW 2024"},"content":{"rendered":"\n\n\n<p><strong>Podcast nr 1<\/strong><\/p>\n\n\n\n<p>Wywiad z dr Mi\u0142oszem Babeckim z Uniwersytetu Warmi\u0144sko-Mazurskiego w Olsztynie<\/p>\n\n\n\n<p>rozmawia\u0142 Piotr Lendzion<\/p>\n\n\n\n<p>monta\u017c Rafa\u0142 Ro\u015blik<\/p>\n\n\n\n<p>koordynator podcast\u00f3w dr Jacek Dziekan<\/p>\n\n\n\n<p>kierownik projektu dr Mateusz Kot<\/p>\n\n\n\n<p>Podcast powsta\u0142 w ramach konferencji Dni Medialne UKSW: Fenomen Gier Cyfrowych. Projekt finansowany ze \u015brodk\u00f3w bud\u017cetu pa\u0144stwa, przyznanych przez Ministra Nauki w ramach Programu \u201eDoskona\u0142a Nauka II\u201d. <\/p>\n\n\n\n<figure class=\"wp-block-audio\"><audio controls src=\"https:\/\/radio.uksw.edu.pl\/wp-content\/uploads\/sites\/32\/2024\/11\/Podcast-1.mp3\"><\/audio><\/figure>\n\n\n\n<p><strong>Podcast nr 2<\/strong><\/p>\n\n\n\n<p>Wywiad z dr Markiem Troszy\u0144skim Obserwatorium Cywilizacji Cyfrowej Collegium Civitas<\/p>\n\n\n\n<p>rozmawia\u0142 Piotr Lendzion<\/p>\n\n\n\n<p>monta\u017c Rafa\u0142 Ro\u015blik<\/p>\n\n\n\n<p>koordynator podcast\u00f3w dr Jacek Dziekan<\/p>\n\n\n\n<p>kierownik projektu dr Mateusz Kot<\/p>\n\n\n\n<p>Podcast powsta\u0142 w ramach konferencji Dni Medialne UKSW: Fenomen Gier Cyfrowych. Projekt \u00a0finansowany ze \u015brodk\u00f3w bud\u017cetu pa\u0144stwa, przyznanych przez Ministra Nauki w ramach Programu \u201eDoskona\u0142a Nauka II\u201d.<\/p>\n\n\n\n<figure class=\"wp-block-audio\"><audio controls src=\"https:\/\/radio.uksw.edu.pl\/wp-content\/uploads\/sites\/32\/2024\/11\/Podcast-2.mp3\"><\/audio><\/figure>\n\n\n\n<p><strong>Podcast nr 3<\/strong><\/p>\n\n\n\n<p>Wywiad z dr Sylwi\u0105 Galanciak z Akademii Pedagogiki Specjalnej w Warszawie<\/p>\n\n\n\n<p>rozmawia\u0142a Karolina Majtas<\/p>\n\n\n\n<p>monta\u017c Rafa\u0142 Ro\u015blik<\/p>\n\n\n\n<p>koordynator podcast\u00f3w dr Jacek Dziekan<\/p>\n\n\n\n<p>kierownik projektu dr Mateusz Kot<\/p>\n\n\n\n<p>Podcast powsta\u0142 w ramach konferencji Dni Medialne UKSW: Fenomen Gier Cyfrowych. Projekt finansowany ze \u015brodk\u00f3w bud\u017cetu pa\u0144stwa, przyznanych przez Ministra Nauki w ramach Programu \u201eDoskona\u0142a Nauka II\u201d.<\/p>\n\n\n\n<figure class=\"wp-block-audio\"><audio controls src=\"https:\/\/radio.uksw.edu.pl\/wp-content\/uploads\/sites\/32\/2024\/11\/Podcast-3.mp3\"><\/audio><\/figure>\n\n\n\n<p><strong>Podcast  nr 4<\/strong><\/p>\n\n\n\n<p>Wywiad z dr Mart\u0105 B\u0142aszowsk\u0105-Nawrock\u0105 z Wy\u017cszej Szko\u0142y Europejskiej im. ks. J. Tischnera w Krakowie\/Filia USWPS<\/p>\n\n\n\n<p>rozmawia\u0142 Piotr Lendzion<\/p>\n\n\n\n<p>monta\u017c Rafa\u0142 Ro\u015blik<\/p>\n\n\n\n<p>koordynator podcast\u00f3w dr Jacek Dziekan<\/p>\n\n\n\n<p>kierownik projektu dr Mateusz Kot<\/p>\n\n\n\n<p>Podcast powsta\u0142 w ramach konferencji Dni Medialne UKSW: Fenomen Gier Cyfrowych. Projekt finansowany ze \u015brodk\u00f3w bud\u017cetu pa\u0144stwa, przyznanych przez Ministra Nauki w ramach Programu \u201eDoskona\u0142a Nauka II\u201d.<\/p>\n\n\n\n<figure class=\"wp-block-audio\"><audio controls src=\"https:\/\/radio.uksw.edu.pl\/wp-content\/uploads\/sites\/32\/2024\/11\/Podcast-4.mp3\"><\/audio><\/figure>\n\n\n\n<p><strong>Podcast nr 5<\/strong><\/p>\n\n\n\n<p>Wywiad z Dariuszem Aksamitem z Politechniki Warszawskiej<\/p>\n\n\n\n<p>rozmawia\u0142a Karolina Majtas<\/p>\n\n\n\n<p>monta\u017c Rafa\u0142 Ro\u015blik<\/p>\n\n\n\n<p>koordynator podcast\u00f3w dr Jacek Dziekan<\/p>\n\n\n\n<p>kierownik projektu dr Mateusz Kot<\/p>\n\n\n\n<p>Podcast powsta\u0142 w ramach konferencji Dni Medialne UKSW: Fenomen Gier Cyfrowych. Projekt finansowany ze \u015brodk\u00f3w bud\u017cetu pa\u0144stwa, przyznanych przez Ministra Nauki w ramach Programu \u201eDoskona\u0142a Nauka II\u201d.<\/p>\n\n\n\n<figure class=\"wp-block-audio\"><audio controls src=\"https:\/\/radio.uksw.edu.pl\/wp-content\/uploads\/sites\/32\/2024\/11\/Podcast-5.mp3\"><\/audio><\/figure>\n","protected":false},"excerpt":{"rendered":"<p>Podcast nr 1 Wywiad z dr Mi\u0142oszem Babeckim z Uniwersytetu Warmi\u0144sko-Mazurskiego w Olsztynie rozmawia\u0142 Piotr Lendzion monta\u017c Rafa\u0142 Ro\u015blik koordynator podcast\u00f3w dr Jacek Dziekan kierownik projektu dr Mateusz Kot Podcast powsta\u0142 w ramach konferencji Dni Medialne UKSW: Fenomen Gier Cyfrowych. Projekt finansowany ze \u015brodk\u00f3w bud\u017cetu pa\u0144stwa, przyznanych przez Ministra Nauki w ramach Programu \u201eDoskona\u0142a Nauka [&hellip;]<\/p>\n","protected":false},"author":39,"featured_media":0,"comment_status":"closed","ping_status":"closed","sticky":false,"template":"","format":"standard","meta":{"_acf_changed":false,"inline_featured_image":false,"footnotes":"","_links_to":"","_links_to_target":""},"categories":[1],"tags":[],"class_list":["post-5986","post","type-post","status-publish","format-standard","hentry","category-aktualnosci"],"acf":[],"_links":{"self":[{"href":"https:\/\/radio.uksw.edu.pl\/pl\/wp-json\/wp\/v2\/posts\/5986","targetHints":{"allow":["GET"]}}],"collection":[{"href":"https:\/\/radio.uksw.edu.pl\/pl\/wp-json\/wp\/v2\/posts"}],"about":[{"href":"https:\/\/radio.uksw.edu.pl\/pl\/wp-json\/wp\/v2\/types\/post"}],"author":[{"embeddable":true,"href":"https:\/\/radio.uksw.edu.pl\/pl\/wp-json\/wp\/v2\/users\/39"}],"replies":[{"embeddable":true,"href":"https:\/\/radio.uksw.edu.pl\/pl\/wp-json\/wp\/v2\/comments?post=5986"}],"version-history":[{"count":2,"href":"https:\/\/radio.uksw.edu.pl\/pl\/wp-json\/wp\/v2\/posts\/5986\/revisions"}],"predecessor-version":[{"id":5994,"href":"https:\/\/radio.uksw.edu.pl\/pl\/wp-json\/wp\/v2\/posts\/5986\/revisions\/5994"}],"wp:attachment":[{"href":"https:\/\/radio.uksw.edu.pl\/pl\/wp-json\/wp\/v2\/media?parent=5986"}],"wp:term":[{"taxonomy":"category","embeddable":true,"href":"https:\/\/radio.uksw.edu.pl\/pl\/wp-json\/wp\/v2\/categories?post=5986"},{"taxonomy":"post_tag","embeddable":true,"href":"https:\/\/radio.uksw.edu.pl\/pl\/wp-json\/wp\/v2\/tags?post=5986"}],"curies":[{"name":"wp","href":"https:\/\/api.w.org\/{rel}","templated":true}]}}