{"id":5947,"date":"2024-09-07T18:14:01","date_gmt":"2024-09-07T16:14:01","guid":{"rendered":"https:\/\/radio.uksw.edu.pl\/?p=5947"},"modified":"2024-09-19T22:45:49","modified_gmt":"2024-09-19T20:45:49","slug":"rektor-uksw-ks-prof-ryszard-czekalski-powolal-pelnomocnika-ds-projektow-biomedycznych-i-ksztalcenia-ustawicznego-nominacje-na-to-stanowisko-otrzymal-prof-dr-hab-n-med-i-n-o-zdr-dariusz-a-ko","status":"publish","type":"post","link":"https:\/\/radio.uksw.edu.pl\/rektor-uksw-ks-prof-ryszard-czekalski-powolal-pelnomocnika-ds-projektow-biomedycznych-i-ksztalcenia-ustawicznego-nominacje-na-to-stanowisko-otrzymal-prof-dr-hab-n-med-i-n-o-zdr-dariusz-a-ko\/","title":{"rendered":"Rektor UKSW ks. prof. Ryszard Czekalski powo\u0142a\u0142 pe\u0142nomocnika ds. projekt\u00f3w biomedycznych i kszta\u0142cenia ustawicznego. Nominacj\u0119 na to stanowisko otrzyma\u0142 prof. dr hab. n. med. i n. o zdr. Dariusz A. Kosior."},"content":{"rendered":"\n<p>\u2013 Jednym z g\u0142\u00f3wnych cel\u00f3w mojej kolejnej kadencji jest zwi\u0119kszenie oferty kszta\u0142cenia ustawicznego: r\u00f3\u017cnorakich kurs\u00f3w, szkole\u0144 oraz studi\u00f3w podyplomowych. Niezb\u0119dne jest wzmocnienie tego obszaru na UKSW. Mam nadziej\u0119, \u017ce wykorzysta Pan Profesor swoj\u0105&nbsp;wiedz\u0119 i dotychczasowe do\u015bwiadczenie w rozwoju oferty kszta\u0142cenia naszej Uczelni \u2013 powiedzia\u0142 podczas wr\u0119czania nominacji ks. prof. Ryszard Czekalski, rektor UKSW.<\/p>\n\n\n\n<p>Pe\u0142nomocnik ds. projekt\u00f3w biomedycznych i kszta\u0142cenia ustawicznego odpowiada\u0107&nbsp;b\u0119dzie za realizacj\u0119 projektu pt.&nbsp;<em>\u201eInnowacje biomedyczne \u2013 studia MBA i studia podyplomowe dla wzmocnienia polskiego rynku ochrony zdrowia\u201d<\/em>, kt\u00f3ry ju\u017c&nbsp;teraz prowadzony jest przy finansowaniu Agencji&nbsp;Bada\u0144 Medycznych. Do zada\u0144 prof. Dariusza A. Kosiora nale\u017ce\u0107&nbsp;b\u0119dzie r\u00f3wnie\u017c&nbsp;wsp\u00f3\u0142praca z poszczeg\u00f3lnymi wydzia\u0142ami przy przygotowaniu nowych, innowacyjnych program\u00f3w dedykowanych kszta\u0142ceniu podyplomowemu.<\/p>\n\n\n\n<p>\u2013 Moje dzia\u0142ania w obszarze kszta\u0142cenia ustawicznego na pocz\u0105tku skupi\u0105&nbsp;si\u0119&nbsp;na realizacji bardzo du\u017cego projektu finansowanego przez Agencj\u0119 Bada\u0144 Medycznych. Ju\u017c niebawem otworzymy kszta\u0142cenie na trzech kierunkach studi\u00f3w podyplomowych: farmakologii klinicznej i farmakoterapii, zdrowia publicznego i zdrowia mi\u0119dzynarodowego oraz Master of Business Administration w ochronie zdrowia z modu\u0142em badania kliniczne. Ciesz\u0119 si\u0119, \u017ce b\u0119dziemy mogli pracowa\u0107 z zespo\u0142em specjalist\u00f3w reprezentuj\u0105cych r\u00f3\u017cne dyscypliny naukowe. Wszystkie te kierunki s\u0105 absolutnie interdyscyplinarne, co jak w soczewce pokazuje, \u017ce nasz Uniwersytet jest w stanie kszta\u0142ci\u0107&nbsp;w r\u00f3\u017cnorodnych obszarach, posiada odpowiedni\u0105&nbsp;wysoko kwalifikowan\u0105 kadr\u0119 w r\u00f3\u017cnych dziedzinach nauki, biznesie oraz dysponuje doskona\u0142ym zapleczem i infrastruktur\u0105 \u2013 m\u00f3wi\u0142 prof. Dariusz A. Kosior, nowo powo\u0142any pe\u0142nomocnik.<\/p>\n\n\n\n<p>Kszta\u0142cenie ustawiczne, zwane r\u00f3wnie\u017c edukacj\u0105 permanentn\u0105 to proces sta\u0142ego odnawiania, rozwijania i doskonalenia kwalifikacji og\u00f3lnych i zawodowych. Stanowi element uczenia si\u0119&nbsp;przez ca\u0142e \u017cycie (<em>lifelong learning<\/em>) zmierzaj\u0105cego do rozwijania zdolno\u015bci, wzbogacania wiedzy, udoskonalania posiadanych kwalifikacji.<\/p>\n\n\n\n<p>\u2013 UKSW prowadzi ju\u017c kilkana\u015bcie kierunk\u00f3w studi\u00f3w podyplomowych, ale t\u0119 ofert\u0119 nale\u017cy poszerza\u0107, bo posiadamy ku temu potencja\u0142 zar\u00f3wno w wymiarze ludzkim, jak i nowoczesnego zaplecza dydaktycznego. Pe\u0142ni\u0105c funkcj\u0119 prorektora w poprzedniej kadencji ks. prof. Ryszarda Czekalskiego mia\u0142em przyjemno\u015b\u0107 pozna\u0107 potencja\u0142 i mo\u017cliwo\u015bci Uczelni. Teraz w nowej roli b\u0119d\u0119 mia\u0142 szans\u0119 realizowa\u0107 kolejne wyzwania w \u015bcis\u0142ej wsp\u00f3\u0142pracy z w\u0142adzami poszczeg\u00f3lnych wydzia\u0142\u00f3w, z innymi wiod\u0105cymi o\u015brodkami akademickimi w Polsce, ale tak\u017ce z podmiotami zagranicznymi, zapraszaj\u0105c do wsp\u00f3\u0142pracy najwy\u017cszej klasy specjalist\u00f3w i autorytety w danej dziedzinie zapewniaj\u0105c, jak najwy\u017cszy poziom oferowanego kszta\u0142cenia podyplomowego. Chc\u0119 w dialogu inspirowa\u0107 do przygotowania ambitnej oferty dla os\u00f3b pragn\u0105cych prawdziwie realizowa\u0107 zasad\u0119 uczenia si\u0119 przez ca\u0142e \u017cycie \u2013 wskazuje prof. Dariusz A. Kosior.<\/p>\n\n\n\n<p><strong>Prof. dr hab. n. med. i n. o zdr. Dariusz A. Kosior<\/strong>&nbsp;jest lekarzem, cenionym kardiologiem i menad\u017cerem systemu ochrony zdrowia, z wieloletnim do\u015bwiadczeniem w zakresie kierowania r\u00f3\u017cnymi jednostkami systemu opieki zdrowotnej w Polsce. Jest absolwentem Akademii Medycznej w Warszawie, uznanym klinicyst\u0105 i praktykiem z wieloletnim do\u015bwiadczeniem akademickim i klinicznym. Wsp\u00f3\u0142pracowa\u0142 z wiod\u0105cymi plac\u00f3wkami klinicznymi w Warszawie, w tym Uniwersyteckim Centrum Klinicznym WUM czy Pa\u0144stwowym Instytutem Medycznym MSWiA. Odby\u0142 liczne kursy, sta\u017ce i szkolenia zawodowe w kraju i zagranic\u0105. Jest cz\u0142onkiem polskich i mi\u0119dzynarodowych organizacji i towarzystw naukowych m.in. Fellow of European Society of Cardiology (FESC) oraz Fellow of American College of Cardiology (FACC). Profesor Centrum Medycznego Kszta\u0142cenia Podyplomowego oraz profesor mianowany Instytutu Medycyny Do\u015bwiadczalnej i Klinicznej im. M. Mossakowskiego Polskiej Akademii Nauk. Absolwent HARVARD Postgraduate Medical School. W UKSW pe\u0142ni\u0142 funkcj\u0119&nbsp;prodziekana ds. kszta\u0142cenia i rozwoju Wydzia\u0142u Medycznego. Collegium Medicum oraz prorektora ds. medycznych.<\/p>\n\n\n\n<p>Pe\u0142na oferta studi\u00f3w podyplomowych realizowanych przez UKSW znajduje si\u0119&nbsp;na stronie&nbsp;<a href=\"https:\/\/uksw.edu.pl\/kandydaci\/studia\/studia-podyplomowe\/\">www<\/a>.<\/p>\n","protected":false},"excerpt":{"rendered":"<p>\u2013 Jednym z g\u0142\u00f3wnych cel\u00f3w mojej kolejnej kadencji jest zwi\u0119kszenie oferty kszta\u0142cenia ustawicznego: r\u00f3\u017cnorakich kurs\u00f3w, szkole\u0144 oraz studi\u00f3w podyplomowych. Niezb\u0119dne jest wzmocnienie tego obszaru na UKSW. Mam nadziej\u0119, \u017ce wykorzysta Pan Profesor swoj\u0105&nbsp;wiedz\u0119 i dotychczasowe do\u015bwiadczenie w rozwoju oferty kszta\u0142cenia naszej Uczelni \u2013 powiedzia\u0142 podczas wr\u0119czania nominacji ks. prof. Ryszard Czekalski, rektor UKSW. Pe\u0142nomocnik ds. [&hellip;]<\/p>\n","protected":false},"author":39,"featured_media":5959,"comment_status":"closed","ping_status":"closed","sticky":false,"template":"","format":"standard","meta":{"_acf_changed":false,"inline_featured_image":false,"footnotes":"","_links_to":"","_links_to_target":""},"categories":[1],"tags":[],"class_list":["post-5947","post","type-post","status-publish","format-standard","has-post-thumbnail","hentry","category-aktualnosci"],"acf":[],"_links":{"self":[{"href":"https:\/\/radio.uksw.edu.pl\/pl\/wp-json\/wp\/v2\/posts\/5947","targetHints":{"allow":["GET"]}}],"collection":[{"href":"https:\/\/radio.uksw.edu.pl\/pl\/wp-json\/wp\/v2\/posts"}],"about":[{"href":"https:\/\/radio.uksw.edu.pl\/pl\/wp-json\/wp\/v2\/types\/post"}],"author":[{"embeddable":true,"href":"https:\/\/radio.uksw.edu.pl\/pl\/wp-json\/wp\/v2\/users\/39"}],"replies":[{"embeddable":true,"href":"https:\/\/radio.uksw.edu.pl\/pl\/wp-json\/wp\/v2\/comments?post=5947"}],"version-history":[{"count":3,"href":"https:\/\/radio.uksw.edu.pl\/pl\/wp-json\/wp\/v2\/posts\/5947\/revisions"}],"predecessor-version":[{"id":5961,"href":"https:\/\/radio.uksw.edu.pl\/pl\/wp-json\/wp\/v2\/posts\/5947\/revisions\/5961"}],"wp:featuredmedia":[{"embeddable":true,"href":"https:\/\/radio.uksw.edu.pl\/pl\/wp-json\/wp\/v2\/media\/5959"}],"wp:attachment":[{"href":"https:\/\/radio.uksw.edu.pl\/pl\/wp-json\/wp\/v2\/media?parent=5947"}],"wp:term":[{"taxonomy":"category","embeddable":true,"href":"https:\/\/radio.uksw.edu.pl\/pl\/wp-json\/wp\/v2\/categories?post=5947"},{"taxonomy":"post_tag","embeddable":true,"href":"https:\/\/radio.uksw.edu.pl\/pl\/wp-json\/wp\/v2\/tags?post=5947"}],"curies":[{"name":"wp","href":"https:\/\/api.w.org\/{rel}","templated":true}]}}