{"id":5911,"date":"2024-06-27T13:00:43","date_gmt":"2024-06-27T11:00:43","guid":{"rendered":"https:\/\/radio.uksw.edu.pl\/?p=5911"},"modified":"2024-07-08T17:20:15","modified_gmt":"2024-07-08T15:20:15","slug":"trwaja-zapisy-na-letnia-akademie-rozwoju","status":"publish","type":"post","link":"https:\/\/radio.uksw.edu.pl\/trwaja-zapisy-na-letnia-akademie-rozwoju\/","title":{"rendered":"Letnia Akademia Rozwoju &#8211; projekt Biura Karier UKSW"},"content":{"rendered":"\n<p>Biuro Karier UKSW\u00a0zaprasza student\u00f3w, doktorant\u00f3w oraz absolwent\u00f3w do udzia\u0142u w Letniej Akademii Rozwoju. <\/p>\n\n\n\n<p>Projekt jest dedykowany osobom, kt\u00f3re chc\u0105 rozwin\u0105\u0107 swoje kompetencje, czerpa\u0107 inspiracje od&nbsp;do\u015bwiadczonych ekspert\u00f3w w&nbsp;danej dziedzinie, a&nbsp;tak\u017ce zdoby\u0107 cenne umiej\u0119tno\u015bci i&nbsp;wiedz\u0119 niezb\u0119dn\u0105 na&nbsp;wsp\u00f3\u0142czesnym rynku pracy.<\/p>\n\n\n\n<p>W&nbsp;ramach letniej Akademii Biuro Karier proponuje&nbsp;6 inspiruj\u0105cych warsztat\u00f3w&nbsp;prowadzonych przez&nbsp;specjalist\u00f3w z&nbsp;wieloletnim do\u015bwiadczeniem, kt\u00f3rzy&nbsp;podziel\u0105 si\u0119 swoim know-how w&nbsp;zakresie budowania marki osobistej i&nbsp;wizerunku, zarz\u0105dzania talentami oraz&nbsp;wywierania wp\u0142ywu czy&nbsp;te\u017c planowania swojego rozwoju.<\/p>\n\n\n\n<p>Wi\u0119cej o Letniej Akademii Rozwoju mo\u017cna dowiedzie\u0107 si\u0119 w rozmowie dr Anny Gawro\u0144skiej-Piotrowskiej z Pani\u0105 Edyt\u0105 Grochock\u0105, Kierownikiem Biura Karier UKSW: <\/p>\n\n\n\n<figure class=\"wp-block-audio\"><audio controls src=\"https:\/\/radio.uksw.edu.pl\/wp-content\/uploads\/sites\/32\/2024\/06\/Audycja_Letnia-Akademia-Rozwoju_Biuro-Karier-UKSW_Radio-UKSW_bez-podkladu-muzycznego.mp3\"><\/audio><\/figure>\n","protected":false},"excerpt":{"rendered":"<p>Biuro Karier UKSW\u00a0zaprasza student\u00f3w, doktorant\u00f3w oraz absolwent\u00f3w do udzia\u0142u w Letniej Akademii Rozwoju. Projekt jest dedykowany osobom, kt\u00f3re chc\u0105 rozwin\u0105\u0107 swoje kompetencje, czerpa\u0107 inspiracje od&nbsp;do\u015bwiadczonych ekspert\u00f3w w&nbsp;danej dziedzinie, a&nbsp;tak\u017ce zdoby\u0107 cenne umiej\u0119tno\u015bci i&nbsp;wiedz\u0119 niezb\u0119dn\u0105 na&nbsp;wsp\u00f3\u0142czesnym rynku pracy. W&nbsp;ramach letniej Akademii Biuro Karier proponuje&nbsp;6 inspiruj\u0105cych warsztat\u00f3w&nbsp;prowadzonych przez&nbsp;specjalist\u00f3w z&nbsp;wieloletnim do\u015bwiadczeniem, kt\u00f3rzy&nbsp;podziel\u0105 si\u0119 swoim know-how w&nbsp;zakresie budowania marki [&hellip;]<\/p>\n","protected":false},"author":39,"featured_media":5913,"comment_status":"closed","ping_status":"closed","sticky":false,"template":"","format":"standard","meta":{"_acf_changed":false,"inline_featured_image":false,"footnotes":"","_links_to":"","_links_to_target":""},"categories":[1,11],"tags":[],"class_list":["post-5911","post","type-post","status-publish","format-standard","has-post-thumbnail","hentry","category-aktualnosci","category-z-aycia-uczelni"],"acf":[],"_links":{"self":[{"href":"https:\/\/radio.uksw.edu.pl\/pl\/wp-json\/wp\/v2\/posts\/5911","targetHints":{"allow":["GET"]}}],"collection":[{"href":"https:\/\/radio.uksw.edu.pl\/pl\/wp-json\/wp\/v2\/posts"}],"about":[{"href":"https:\/\/radio.uksw.edu.pl\/pl\/wp-json\/wp\/v2\/types\/post"}],"author":[{"embeddable":true,"href":"https:\/\/radio.uksw.edu.pl\/pl\/wp-json\/wp\/v2\/users\/39"}],"replies":[{"embeddable":true,"href":"https:\/\/radio.uksw.edu.pl\/pl\/wp-json\/wp\/v2\/comments?post=5911"}],"version-history":[{"count":3,"href":"https:\/\/radio.uksw.edu.pl\/pl\/wp-json\/wp\/v2\/posts\/5911\/revisions"}],"predecessor-version":[{"id":5934,"href":"https:\/\/radio.uksw.edu.pl\/pl\/wp-json\/wp\/v2\/posts\/5911\/revisions\/5934"}],"wp:featuredmedia":[{"embeddable":true,"href":"https:\/\/radio.uksw.edu.pl\/pl\/wp-json\/wp\/v2\/media\/5913"}],"wp:attachment":[{"href":"https:\/\/radio.uksw.edu.pl\/pl\/wp-json\/wp\/v2\/media?parent=5911"}],"wp:term":[{"taxonomy":"category","embeddable":true,"href":"https:\/\/radio.uksw.edu.pl\/pl\/wp-json\/wp\/v2\/categories?post=5911"},{"taxonomy":"post_tag","embeddable":true,"href":"https:\/\/radio.uksw.edu.pl\/pl\/wp-json\/wp\/v2\/tags?post=5911"}],"curies":[{"name":"wp","href":"https:\/\/api.w.org\/{rel}","templated":true}]}}