{"id":5834,"date":"2023-11-06T12:56:32","date_gmt":"2023-11-06T11:56:32","guid":{"rendered":"https:\/\/radio.uksw.edu.pl\/?p=5834"},"modified":"2023-11-06T12:56:39","modified_gmt":"2023-11-06T11:56:39","slug":"radio-uksw-rekrutuje","status":"publish","type":"post","link":"https:\/\/radio.uksw.edu.pl\/radio-uksw-rekrutuje\/","title":{"rendered":"Radio UKSW rekrutuje"},"content":{"rendered":"\n<p>Do\u0142\u0105cz do Radia UKSW! Chcesz wkroczy\u0107 w \u015bwiat medi\u00f3w, rozwija\u0107 swoje pasje i zdobywa\u0107 cenne do\u015bwiadczenie? Teraz masz tak\u0105 mo\u017cliwo\u015b\u0107! Nasze radio prowadzi nab\u00f3r do trzech dzia\u0142\u00f3w: Redakcji Wiary, Muzyczno-Kulturalnej oraz Sportowej. Poszukujemy r\u00f3wnie\u017c os\u00f3b ch\u0119tnych do pracy jako realizatorzy, monta\u017cy\u015bci i administratorzy strony internetowej. <\/p>\n\n\n\n<p>Dlaczego warto do nas do\u0142\u0105czy\u0107? <\/p>\n\n\n\n<p>Oto kilka powod\u00f3w: <\/p>\n\n\n\n<p>Zapewniamy rozliczenie praktyk \u2013 Kto powiedzia\u0142, \u017ce praktyki musz\u0105 by\u0107 nudne? Mo\u017cesz wykorzysta\u0107 t\u0119 okazj\u0119 do zyskania cennego do\u015bwiadczenia zawodowego. <\/p>\n\n\n\n<p>Zdobycie pierwszego do\u015bwiadczenia \u2013 Je\u015bli marzysz o pracy w mediach lub chcesz dowiedzie\u0107 si\u0119, jak dzia\u0142a radio, to u nas mo\u017cesz zdoby\u0107 pierwsze kroki w tej bran\u017cy. <\/p>\n\n\n\n<p>Przeszkolenie \u2013 Dla os\u00f3b zainteresowanych prac\u0105 jako realizatorzy czy administrator strony, oferujemy przeszkolenie, kt\u00f3re pozwoli Ci sprawnie i efektywnie wykonywa\u0107 swoje obowi\u0105zki. <\/p>\n\n\n\n<p>Je\u015bli jeste\u015b gotowy\/a do\u0142\u0105czy\u0107 do naszego zespo\u0142u i pracowa\u0107 z nami nad ciekawymi projektami radiowymi, zapraszamy do zg\u0142oszenia swojej kandydatury! Nie zwlekaj, do\u0142\u0105cz do nas ju\u017c teraz i rozpocznij swoj\u0105 przygod\u0119 w \u015bwiecie medi\u00f3w z Radiem UKSW! <\/p>\n\n\n\n<p>Formularz zg\u0142oszeniowy: <a href=\"https:\/\/forms.office.com\/e\/yjgYTKEaP2?fbclid=IwAR2_rv0e7Yzgk4PPcrSmEc4e4G063if1daiT6ZfxozQI8Dz-Yk524BLosmc\" target=\"_blank\" rel=\"noreferrer noopener\">https:\/\/forms.office.com\/e\/yjgYTKEaP2<\/a><\/p>\n","protected":false},"excerpt":{"rendered":"<p>Do\u0142\u0105cz do Radia UKSW! Chcesz wkroczy\u0107 w \u015bwiat medi\u00f3w, rozwija\u0107 swoje pasje i zdobywa\u0107 cenne do\u015bwiadczenie? Teraz masz tak\u0105 mo\u017cliwo\u015b\u0107! Nasze radio prowadzi nab\u00f3r do trzech dzia\u0142\u00f3w: Redakcji Wiary, Muzyczno-Kulturalnej oraz Sportowej. Poszukujemy r\u00f3wnie\u017c os\u00f3b ch\u0119tnych do pracy jako realizatorzy, monta\u017cy\u015bci i administratorzy strony internetowej. Dlaczego warto do nas do\u0142\u0105czy\u0107? Oto kilka powod\u00f3w: Zapewniamy rozliczenie [&hellip;]<\/p>\n","protected":false},"author":39,"featured_media":5838,"comment_status":"closed","ping_status":"closed","sticky":false,"template":"","format":"standard","meta":{"_acf_changed":false,"inline_featured_image":false,"footnotes":"","_links_to":"","_links_to_target":""},"categories":[1,11],"tags":[],"class_list":["post-5834","post","type-post","status-publish","format-standard","has-post-thumbnail","hentry","category-aktualnosci","category-z-aycia-uczelni"],"acf":[],"_links":{"self":[{"href":"https:\/\/radio.uksw.edu.pl\/pl\/wp-json\/wp\/v2\/posts\/5834","targetHints":{"allow":["GET"]}}],"collection":[{"href":"https:\/\/radio.uksw.edu.pl\/pl\/wp-json\/wp\/v2\/posts"}],"about":[{"href":"https:\/\/radio.uksw.edu.pl\/pl\/wp-json\/wp\/v2\/types\/post"}],"author":[{"embeddable":true,"href":"https:\/\/radio.uksw.edu.pl\/pl\/wp-json\/wp\/v2\/users\/39"}],"replies":[{"embeddable":true,"href":"https:\/\/radio.uksw.edu.pl\/pl\/wp-json\/wp\/v2\/comments?post=5834"}],"version-history":[{"count":3,"href":"https:\/\/radio.uksw.edu.pl\/pl\/wp-json\/wp\/v2\/posts\/5834\/revisions"}],"predecessor-version":[{"id":5839,"href":"https:\/\/radio.uksw.edu.pl\/pl\/wp-json\/wp\/v2\/posts\/5834\/revisions\/5839"}],"wp:featuredmedia":[{"embeddable":true,"href":"https:\/\/radio.uksw.edu.pl\/pl\/wp-json\/wp\/v2\/media\/5838"}],"wp:attachment":[{"href":"https:\/\/radio.uksw.edu.pl\/pl\/wp-json\/wp\/v2\/media?parent=5834"}],"wp:term":[{"taxonomy":"category","embeddable":true,"href":"https:\/\/radio.uksw.edu.pl\/pl\/wp-json\/wp\/v2\/categories?post=5834"},{"taxonomy":"post_tag","embeddable":true,"href":"https:\/\/radio.uksw.edu.pl\/pl\/wp-json\/wp\/v2\/tags?post=5834"}],"curies":[{"name":"wp","href":"https:\/\/api.w.org\/{rel}","templated":true}]}}