{"id":3657,"date":"2022-05-26T00:00:00","date_gmt":"2022-05-25T22:00:00","guid":{"rendered":"http:\/\/pc-4\/uksw\/piknik-rodzinny-na-kampusie-woycickiego\/"},"modified":"2023-11-03T23:20:45","modified_gmt":"2023-11-03T22:20:45","slug":"piknik-rodzinny-na-kampusie-woycickiego","status":"publish","type":"post","link":"https:\/\/radio.uksw.edu.pl\/piknik-rodzinny-na-kampusie-woycickiego\/","title":{"rendered":"Piknik rodzinny na kampusie W\u00f3ycickiego"},"content":{"rendered":"<h2>Promocja rodziny i rodzinnych warto\u015bci by\u0142a tematem pikniku Wydzia\u0142u Studi\u00f3w nad Rodzin\u0105, Instytutu Papie\u017ca Jana Paw\u0142a II oraz Katolickiej Szko\u0142y Podstawowej nr 109 w Warszawie.<\/h2>\n<p>Piknik odby\u0142 si\u0119 pod honorowym patronatem Ministerstwa Rodziny i Polityki Spo\u0142ecznej. Uczestnik\u00f3w przywita\u0142 rektor UKSW ks. prof. dr hab. Ryszard Czekalski, kt\u00f3ry podkre\u015bli\u0142 znaczenie rodziny i warto\u015bci rodzinnych w kontek\u015bcie spo\u0142ecznym oraz akademickim. Doceni\u0142 tak\u017ce wk\u0142ad pracy organizator\u00f3w pikniku, kt\u00f3rych reprezentowali dziekan Wydzia\u0142u Studi\u00f3w nad Rodzin\u0105 ks. prof. Andrzej Najda, dyrektor Instytutu Papie\u017ca Jana Paw\u0142a II ks. prof. Zdzis\u0142aw Struzik oraz dyrektor Katolickiej Szko\u0142y Podstawowej nr 109 Przemys\u0142aw Kowalczyk.<\/p>\n<p>Spotkanie, kt\u00f3re zainaugurowa\u0142a Msza \u015awi\u0119ta w intencji rodzin, wie\u0144czy\u0142o obchody Roku Rodziny \u201eAmoris Laetitia\u201d. Istotne znaczenie \u015brodowiska rodzinnego w wychowaniu oraz rozwoju cz\u0142owieka wielokrotnie podkre\u015bla\u0142 Jan Pawe\u0142 II, kt\u00f3ry nazywany by\u0142 papie\u017cem rodziny.<\/p>\n<p>Wydarzeniu towarzyszy\u0142a kolorowa oprawa: plakaty, ba\u0144ki mydlane oraz dzieci\u0119ce rysunki. Uczestnicy mogli wzi\u0105\u0107 udzia\u0142 w biwaku, grach zespo\u0142owych, rozwi\u0105zywaniu \u0142amig\u0142\u00f3wek oraz wsp\u00f3lnym \u015bpiewie znanych pie\u015bni turystycznych i religijnych, w tym s\u0142ynnej &#8222;Barki&#8221;. Najm\u0142odsi uczestnicy pikniku mogli obejrze\u0107 w\u00f3z stra\u017cacki oraz radiow\u00f3z policyjny. Mogli tak\u017ce przejecha\u0107 si\u0119 samochodzikiem papieskim. Mimo wietrznej pogody piknik przyci\u0105gn\u0105\u0142 oko\u0142o 250 os\u00f3b, z czego po\u0142ow\u0119 stanowi\u0142y dzieci.<\/p>\n<p>W trakcie pikniku mo\u017cna by\u0142o kupi\u0107 ciasta, a doch\u00f3d ze sprzeda\u017cy przeznaczono na cele charytatywne. Spotkanie zako\u0144czy\u0142 wyst\u0119p szkolnego zespo\u0142u tanecznego oraz wsp\u00f3lny taniec wszystkich uczestnik\u00f3w pikniku.<\/p>\n<p><img decoding=\"async\" src=\"https:\/\/uksw.edu.pl\/images\/Miniatury_aktualnosci\/piknikwsr2.jpeg\"><br \/>\nStudenci i nauczyciele akademiccy UKSW, pracownicy Instytutu Papie\u017ca Jana Paw\u0142a II oraz uczniowie Katolickiej Szko\u0142y Podstawowej 109 wraz ze swoimi rodzinami.<\/p>\n<p style=\"font-size: 9px\">\u0179r\u00f3d\u0142o https:\/\/uksw.edu.pl<\/p>\n","protected":false},"excerpt":{"rendered":"<p>Promocja rodziny i rodzinnych warto\u015bci by\u0142a tematem pikniku Wydzia\u0142u Studi\u00f3w nad Rodzin\u0105, Instytutu Papie\u017ca Jana Paw\u0142a II oraz Katolickiej Szko\u0142y Podstawowej nr 109 w Warszawie. Piknik odby\u0142 si\u0119 pod honorowym patronatem Ministerstwa Rodziny i Polityki Spo\u0142ecznej. Uczestnik\u00f3w przywita\u0142 rektor UKSW ks. prof. dr hab. Ryszard Czekalski, kt\u00f3ry podkre\u015bli\u0142 znaczenie rodziny i warto\u015bci rodzinnych w kontek\u015bcie [&hellip;]<\/p>\n","protected":false},"author":7,"featured_media":5666,"comment_status":"open","ping_status":"closed","sticky":false,"template":"","format":"standard","meta":{"_acf_changed":false,"inline_featured_image":false,"footnotes":"","_links_to":"","_links_to_target":""},"categories":[1,11],"tags":[],"class_list":["post-3657","post","type-post","status-publish","format-standard","has-post-thumbnail","hentry","category-aktualnosci","category-z-aycia-uczelni"],"acf":[],"_links":{"self":[{"href":"https:\/\/radio.uksw.edu.pl\/pl\/wp-json\/wp\/v2\/posts\/3657","targetHints":{"allow":["GET"]}}],"collection":[{"href":"https:\/\/radio.uksw.edu.pl\/pl\/wp-json\/wp\/v2\/posts"}],"about":[{"href":"https:\/\/radio.uksw.edu.pl\/pl\/wp-json\/wp\/v2\/types\/post"}],"author":[{"embeddable":true,"href":"https:\/\/radio.uksw.edu.pl\/pl\/wp-json\/wp\/v2\/users\/7"}],"replies":[{"embeddable":true,"href":"https:\/\/radio.uksw.edu.pl\/pl\/wp-json\/wp\/v2\/comments?post=3657"}],"version-history":[{"count":2,"href":"https:\/\/radio.uksw.edu.pl\/pl\/wp-json\/wp\/v2\/posts\/3657\/revisions"}],"predecessor-version":[{"id":5667,"href":"https:\/\/radio.uksw.edu.pl\/pl\/wp-json\/wp\/v2\/posts\/3657\/revisions\/5667"}],"wp:featuredmedia":[{"embeddable":true,"href":"https:\/\/radio.uksw.edu.pl\/pl\/wp-json\/wp\/v2\/media\/5666"}],"wp:attachment":[{"href":"https:\/\/radio.uksw.edu.pl\/pl\/wp-json\/wp\/v2\/media?parent=3657"}],"wp:term":[{"taxonomy":"category","embeddable":true,"href":"https:\/\/radio.uksw.edu.pl\/pl\/wp-json\/wp\/v2\/categories?post=3657"},{"taxonomy":"post_tag","embeddable":true,"href":"https:\/\/radio.uksw.edu.pl\/pl\/wp-json\/wp\/v2\/tags?post=3657"}],"curies":[{"name":"wp","href":"https:\/\/api.w.org\/{rel}","templated":true}]}}