{"id":3627,"date":"2022-01-02T00:00:00","date_gmt":"2022-01-02T00:00:00","guid":{"rendered":"http:\/\/pc-4\/uksw\/zwyczaje-noworoczne\/"},"modified":"2022-12-21T05:56:32","modified_gmt":"2022-12-21T04:56:32","slug":"zwyczaje-noworoczne","status":"publish","type":"post","link":"https:\/\/radio.uksw.edu.pl\/zwyczaje-noworoczne\/","title":{"rendered":"Zwyczaje noworoczne"},"content":{"rendered":"<div dir=\"auto\">Koniec roku sprzyja podsumowaniom i refleksjom naszych osi\u0105gni\u0119\u0107 w mijaj\u0105cym roku. Jedn\u0105 z tradycji w Polsce s\u0105 postanowienia noworoczne, kt\u00f3re chcemy spe\u0142ni\u0107 w nadchodz\u0105cym czasie. Tradycyjnie Nowy Rok powinni\u015bmy powita\u0107 w szampa\u0144skich nastrojach z nadziej\u0105, \u017ce nadchodz\u0105ce dwana\u015bcie miesi\u0119cy b\u0119dzie obfitowa\u0142o w pasmo sukces\u00f3w i spe\u0142nionych marze\u0144. W ko\u0144cu &#8222;jaki Nowy Rok taki ca\u0142y rok&#8221;. Je\u017celi chcecie dowiedzie\u0107 si\u0119, jakie rytua\u0142y i obyczaje towarzysz\u0105 mieszka\u0144com r\u00f3\u017cnych zak\u0105tk\u00f3w \u015bwiata w \u015bwi\u0119towaniu powitania Nowego Roku to zapraszamy was bardzo serdecznie na nasz\u0105 audycj\u0119, pt. &#8222;Nowy Rok w r\u00f3\u017cnych cz\u0119\u015bciach \u015bwiata&#8221;.<\/div>\n<div dir=\"auto\">Zapraszaj\u0105 Bartosz Sm\u00f3\u0142ka, Julia Piwowarska i Julia Strach.<\/p>\n<div>\n<div id=\"0DE9E47C-871A-4F90-8440-B190C216800A_1\" class=\"mcafee_ok\"><\/div>\n<\/div>\n<p><span class=\"pq6dq46d tbxw36s4 knj5qynh kvgmc6g5 ditlmg2l oygrvhab nvdbi5me sf5mxxl7 gl3lb2sf hhz5lgdu\"><img decoding=\"async\" src=\"https:\/\/static.xx.fbcdn.net\/images\/emoji.php\/v9\/t6d\/1\/16\/1f973.png\" alt=\"\ud83e\udd73\" width=\"16\" height=\"16\"><\/span><span class=\"pq6dq46d tbxw36s4 knj5qynh kvgmc6g5 ditlmg2l oygrvhab nvdbi5me sf5mxxl7 gl3lb2sf hhz5lgdu\"><img decoding=\"async\" src=\"https:\/\/static.xx.fbcdn.net\/images\/emoji.php\/v9\/t6d\/1\/16\/1f973.png\" alt=\"\ud83e\udd73\" width=\"16\" height=\"16\"><\/span><span class=\"pq6dq46d tbxw36s4 knj5qynh kvgmc6g5 ditlmg2l oygrvhab nvdbi5me sf5mxxl7 gl3lb2sf hhz5lgdu\"><img decoding=\"async\" src=\"https:\/\/static.xx.fbcdn.net\/images\/emoji.php\/v9\/t6d\/1\/16\/1f973.png\" alt=\"\ud83e\udd73\" width=\"16\" height=\"16\"><\/span> Szcz\u0119\u015bliwego Nowego Roku!!!<\/p>\n<\/div>\n<div dir=\"auto\"><\/div>\n<div dir=\"auto\">\n<p>audio::-webkit-media-controls-panel { background-color:#f28b50;}<\/p>\n<!--[if lt IE 9]><script>document.createElement('audio');<\/script><![endif]-->\n<audio class=\"audio\" id=\"audio-3627-1\" preload=\"none\" style=\"width: 100%;\" controls=\"controls\"><source type=\"audio\/mpeg\" src=\"https:\/\/radio.uksw.edu.pl\/wp-content\/uploads\/sites\/32\/2022\/01\/1-01-podcast.mp3?_=1\" \/><a href=\"https:\/\/radio.uksw.edu.pl\/wp-content\/uploads\/sites\/32\/2022\/01\/1-01-podcast.mp3\">https:\/\/radio.uksw.edu.pl\/wp-content\/uploads\/sites\/32\/2022\/01\/1-01-podcast.mp3<\/a><\/audio>\n<\/div>\n","protected":false},"excerpt":{"rendered":"<p>Koniec roku sprzyja podsumowaniom i refleksjom naszych osi\u0105gni\u0119\u0107 w mijaj\u0105cym roku. Jedn\u0105 z tradycji w Polsce s\u0105 postanowienia noworoczne, kt\u00f3re chcemy spe\u0142ni\u0107 w nadchodz\u0105cym czasie. Tradycyjnie Nowy Rok powinni\u015bmy powita\u0107 w szampa\u0144skich nastrojach z nadziej\u0105, \u017ce nadchodz\u0105ce dwana\u015bcie miesi\u0119cy b\u0119dzie obfitowa\u0142o w pasmo sukces\u00f3w i spe\u0142nionych marze\u0144. W ko\u0144cu &#8222;jaki Nowy Rok taki ca\u0142y rok&#8221;. [&hellip;]<\/p>\n","protected":false},"author":7,"featured_media":5606,"comment_status":"open","ping_status":"closed","sticky":false,"template":"","format":"standard","meta":{"_acf_changed":false,"inline_featured_image":false,"footnotes":"","_links_to":"","_links_to_target":""},"categories":[1],"tags":[],"class_list":["post-3627","post","type-post","status-publish","format-standard","has-post-thumbnail","hentry","category-aktualnosci"],"acf":[],"_links":{"self":[{"href":"https:\/\/radio.uksw.edu.pl\/pl\/wp-json\/wp\/v2\/posts\/3627","targetHints":{"allow":["GET"]}}],"collection":[{"href":"https:\/\/radio.uksw.edu.pl\/pl\/wp-json\/wp\/v2\/posts"}],"about":[{"href":"https:\/\/radio.uksw.edu.pl\/pl\/wp-json\/wp\/v2\/types\/post"}],"author":[{"embeddable":true,"href":"https:\/\/radio.uksw.edu.pl\/pl\/wp-json\/wp\/v2\/users\/7"}],"replies":[{"embeddable":true,"href":"https:\/\/radio.uksw.edu.pl\/pl\/wp-json\/wp\/v2\/comments?post=3627"}],"version-history":[{"count":2,"href":"https:\/\/radio.uksw.edu.pl\/pl\/wp-json\/wp\/v2\/posts\/3627\/revisions"}],"predecessor-version":[{"id":5607,"href":"https:\/\/radio.uksw.edu.pl\/pl\/wp-json\/wp\/v2\/posts\/3627\/revisions\/5607"}],"wp:featuredmedia":[{"embeddable":true,"href":"https:\/\/radio.uksw.edu.pl\/pl\/wp-json\/wp\/v2\/media\/5606"}],"wp:attachment":[{"href":"https:\/\/radio.uksw.edu.pl\/pl\/wp-json\/wp\/v2\/media?parent=3627"}],"wp:term":[{"taxonomy":"category","embeddable":true,"href":"https:\/\/radio.uksw.edu.pl\/pl\/wp-json\/wp\/v2\/categories?post=3627"},{"taxonomy":"post_tag","embeddable":true,"href":"https:\/\/radio.uksw.edu.pl\/pl\/wp-json\/wp\/v2\/tags?post=3627"}],"curies":[{"name":"wp","href":"https:\/\/api.w.org\/{rel}","templated":true}]}}