{"id":3626,"date":"2021-12-31T00:00:00","date_gmt":"2021-12-30T23:00:00","guid":{"rendered":"http:\/\/pc-4\/uksw\/sylwester\/"},"modified":"2023-11-03T23:08:32","modified_gmt":"2023-11-03T22:08:32","slug":"sylwester","status":"publish","type":"post","link":"https:\/\/radio.uksw.edu.pl\/sylwester\/","title":{"rendered":"Sylwester"},"content":{"rendered":"<p>Sylwester jest raz w roku, dlatego warto zadba\u0107 o to by z klas\u0105 po\u017cegna\u0107 stary rok i przywita\u0107 nadchodz\u0105cy nowy. Mo\u017cliwo\u015bci jest wiele, ale nie ma idealnego, poniewa\u017c ka\u017cdy z nas ma inn\u0105 wizj\u0119 &#8222;sylwestra marze\u0144&#8221;. O swoich pomys\u0142ach mniej i bardziej szalonych porozmawiaj\u0105 studenci dziennikarstwa og\u00f3lnego UKSW w sk\u0142adzie Marcin Pabianek, \u0141ukasz Pacocha, Konrad Pasieka i Pawe\u0142 Przemielewski. Zapraszamy do wys\u0142uchania audycji.<br \/>\n\ud83e\udd29\ud83d\ude0e\ud83e\udd73 Udanego Sylwestra\ud83e\udd73\ud83e\udd73\ud83e\udd73<\/p>\n<p>audio::-webkit-media-controls-panel { background-color:#f28b50;}<\/p>\n<!--[if lt IE 9]><script>document.createElement('audio');<\/script><![endif]-->\n<audio class=\"audio\" id=\"audio-3626-1\" preload=\"none\" style=\"width: 100%;\" controls=\"controls\"><source type=\"audio\/mpeg\" src=\"https:\/\/radio.uksw.edu.pl\/wp-content\/uploads\/sites\/32\/2021\/12\/podcast_31.12_11.00.mp3?_=1\" \/><a href=\"https:\/\/radio.uksw.edu.pl\/wp-content\/uploads\/sites\/32\/2021\/12\/podcast_31.12_11.00.mp3\">https:\/\/radio.uksw.edu.pl\/wp-content\/uploads\/sites\/32\/2021\/12\/podcast_31.12_11.00.mp3<\/a><\/audio>\n","protected":false},"excerpt":{"rendered":"<p>Sylwester jest raz w roku, dlatego warto zadba\u0107 o to by z klas\u0105 po\u017cegna\u0107 stary rok i przywita\u0107 nadchodz\u0105cy nowy. Mo\u017cliwo\u015bci jest wiele, ale nie ma idealnego, poniewa\u017c ka\u017cdy z nas ma inn\u0105 wizj\u0119 &#8222;sylwestra marze\u0144&#8221;. O swoich pomys\u0142ach mniej i bardziej szalonych porozmawiaj\u0105 studenci dziennikarstwa og\u00f3lnego UKSW w sk\u0142adzie Marcin Pabianek, \u0141ukasz Pacocha, Konrad [&hellip;]<\/p>\n","protected":false},"author":7,"featured_media":5608,"comment_status":"open","ping_status":"closed","sticky":false,"template":"","format":"standard","meta":{"_acf_changed":false,"inline_featured_image":false,"footnotes":"","_links_to":"","_links_to_target":""},"categories":[1],"tags":[],"class_list":["post-3626","post","type-post","status-publish","format-standard","has-post-thumbnail","hentry","category-aktualnosci"],"acf":[],"_links":{"self":[{"href":"https:\/\/radio.uksw.edu.pl\/pl\/wp-json\/wp\/v2\/posts\/3626","targetHints":{"allow":["GET"]}}],"collection":[{"href":"https:\/\/radio.uksw.edu.pl\/pl\/wp-json\/wp\/v2\/posts"}],"about":[{"href":"https:\/\/radio.uksw.edu.pl\/pl\/wp-json\/wp\/v2\/types\/post"}],"author":[{"embeddable":true,"href":"https:\/\/radio.uksw.edu.pl\/pl\/wp-json\/wp\/v2\/users\/7"}],"replies":[{"embeddable":true,"href":"https:\/\/radio.uksw.edu.pl\/pl\/wp-json\/wp\/v2\/comments?post=3626"}],"version-history":[{"count":1,"href":"https:\/\/radio.uksw.edu.pl\/pl\/wp-json\/wp\/v2\/posts\/3626\/revisions"}],"predecessor-version":[{"id":5343,"href":"https:\/\/radio.uksw.edu.pl\/pl\/wp-json\/wp\/v2\/posts\/3626\/revisions\/5343"}],"wp:featuredmedia":[{"embeddable":true,"href":"https:\/\/radio.uksw.edu.pl\/pl\/wp-json\/wp\/v2\/media\/5608"}],"wp:attachment":[{"href":"https:\/\/radio.uksw.edu.pl\/pl\/wp-json\/wp\/v2\/media?parent=3626"}],"wp:term":[{"taxonomy":"category","embeddable":true,"href":"https:\/\/radio.uksw.edu.pl\/pl\/wp-json\/wp\/v2\/categories?post=3626"},{"taxonomy":"post_tag","embeddable":true,"href":"https:\/\/radio.uksw.edu.pl\/pl\/wp-json\/wp\/v2\/tags?post=3626"}],"curies":[{"name":"wp","href":"https:\/\/api.w.org\/{rel}","templated":true}]}}