{"id":3624,"date":"2021-12-25T00:00:00","date_gmt":"2021-12-24T23:00:00","guid":{"rendered":"http:\/\/pc-4\/uksw\/tradycja-swiateczna-na-swiecie\/"},"modified":"2023-11-03T23:09:07","modified_gmt":"2023-11-03T22:09:07","slug":"tradycja-swiateczna-na-swiecie","status":"publish","type":"post","link":"https:\/\/radio.uksw.edu.pl\/tradycja-swiateczna-na-swiecie\/","title":{"rendered":"Tradycja \u015bwi\u0105teczna na \u015bwiecie"},"content":{"rendered":"<p>Wigilia i Bo\u017ce Narodzenie to dni, kt\u00f3rych wyczekujemy z ut\u0119sknieniem przez ca\u0142y rok. Czas \u015bwi\u0105t i otaczaj\u0105ca je magia s\u0105 niepowtarzalne. Kojarz\u0105 si\u0119 z czasem sp\u0119dzonym<br \/>\nw rodzinnym gronie, sto\u0142em uginaj\u0105cym si\u0119 od \u015bwi\u0105tecznych da\u0144 i oczywi\u015bcie z prezentami. \u015awi\u0119ta to r\u00f3wnie\u017c tradycje, a jak m\u00f3wi stare polskie przys\u0142owie &#8222;Co kraj, to obyczaj&#8221;. Dlatego postanowi\u0142y\u015bmy dla Was sprawdzi\u0107 , jak \u015awi\u0119to Bo\u017cego Narodzenia jest obchodzone<br \/>\nw innych krajach.<\/p>\n<p>\ud83c\udf84 Audycj\u0119 poprowadz\u0105 Zuzanna Kr\u0119picz, Aleksandra Kuligowska, Julia \u0141akota, Agata Kruk.<\/p>\n<p>ZAPRASZAMY \ud83e\udd70!!!<\/p>\n<p>audio::-webkit-media-controls-panel { background-color:#f28b50;}<\/p>\n<!--[if lt IE 9]><script>document.createElement('audio');<\/script><![endif]-->\n<audio class=\"audio\" id=\"audio-3624-1\" preload=\"none\" style=\"width: 100%;\" controls=\"controls\"><source type=\"audio\/mpeg\" src=\"https:\/\/radio.uksw.edu.pl\/wp-content\/uploads\/sites\/32\/2021\/12\/podcast-25.12_16.00_na-emisje.mp3?_=1\" \/><a href=\"https:\/\/radio.uksw.edu.pl\/wp-content\/uploads\/sites\/32\/2021\/12\/podcast-25.12_16.00_na-emisje.mp3\">https:\/\/radio.uksw.edu.pl\/wp-content\/uploads\/sites\/32\/2021\/12\/podcast-25.12_16.00_na-emisje.mp3<\/a><\/audio>\n","protected":false},"excerpt":{"rendered":"<p>Wigilia i Bo\u017ce Narodzenie to dni, kt\u00f3rych wyczekujemy z ut\u0119sknieniem przez ca\u0142y rok. Czas \u015bwi\u0105t i otaczaj\u0105ca je magia s\u0105 niepowtarzalne. Kojarz\u0105 si\u0119 z czasem sp\u0119dzonym w rodzinnym gronie, sto\u0142em uginaj\u0105cym si\u0119 od \u015bwi\u0105tecznych da\u0144 i oczywi\u015bcie z prezentami. \u015awi\u0119ta to r\u00f3wnie\u017c tradycje, a jak m\u00f3wi stare polskie przys\u0142owie &#8222;Co kraj, to obyczaj&#8221;. Dlatego postanowi\u0142y\u015bmy [&hellip;]<\/p>\n","protected":false},"author":7,"featured_media":5612,"comment_status":"open","ping_status":"closed","sticky":false,"template":"","format":"standard","meta":{"_acf_changed":false,"inline_featured_image":false,"footnotes":"","_links_to":"","_links_to_target":""},"categories":[1],"tags":[],"class_list":["post-3624","post","type-post","status-publish","format-standard","has-post-thumbnail","hentry","category-aktualnosci"],"acf":[],"_links":{"self":[{"href":"https:\/\/radio.uksw.edu.pl\/pl\/wp-json\/wp\/v2\/posts\/3624","targetHints":{"allow":["GET"]}}],"collection":[{"href":"https:\/\/radio.uksw.edu.pl\/pl\/wp-json\/wp\/v2\/posts"}],"about":[{"href":"https:\/\/radio.uksw.edu.pl\/pl\/wp-json\/wp\/v2\/types\/post"}],"author":[{"embeddable":true,"href":"https:\/\/radio.uksw.edu.pl\/pl\/wp-json\/wp\/v2\/users\/7"}],"replies":[{"embeddable":true,"href":"https:\/\/radio.uksw.edu.pl\/pl\/wp-json\/wp\/v2\/comments?post=3624"}],"version-history":[{"count":1,"href":"https:\/\/radio.uksw.edu.pl\/pl\/wp-json\/wp\/v2\/posts\/3624\/revisions"}],"predecessor-version":[{"id":5346,"href":"https:\/\/radio.uksw.edu.pl\/pl\/wp-json\/wp\/v2\/posts\/3624\/revisions\/5346"}],"wp:featuredmedia":[{"embeddable":true,"href":"https:\/\/radio.uksw.edu.pl\/pl\/wp-json\/wp\/v2\/media\/5612"}],"wp:attachment":[{"href":"https:\/\/radio.uksw.edu.pl\/pl\/wp-json\/wp\/v2\/media?parent=3624"}],"wp:term":[{"taxonomy":"category","embeddable":true,"href":"https:\/\/radio.uksw.edu.pl\/pl\/wp-json\/wp\/v2\/categories?post=3624"},{"taxonomy":"post_tag","embeddable":true,"href":"https:\/\/radio.uksw.edu.pl\/pl\/wp-json\/wp\/v2\/tags?post=3624"}],"curies":[{"name":"wp","href":"https:\/\/api.w.org\/{rel}","templated":true}]}}