{"id":3623,"date":"2021-12-25T00:00:00","date_gmt":"2021-12-25T00:00:00","guid":{"rendered":"http:\/\/pc-4\/uksw\/filmy-na-swieta\/"},"modified":"2022-12-21T05:59:40","modified_gmt":"2022-12-21T04:59:40","slug":"filmy-na-swieta","status":"publish","type":"post","link":"https:\/\/radio.uksw.edu.pl\/filmy-na-swieta\/","title":{"rendered":"Filmy na \u015awi\u0119ta"},"content":{"rendered":"<p>\u015awi\u0119ta,<br \/>\nto czas spokoju i sp\u0119dzania czasu ze swoimi najbli\u017cszymi. Ale czy wyobra\u017cacie sobie ten wyj\u0105tkowy czas bez obejrzenia \u201eKevina samego w domu\u201d lub bez \u015bwi\u0105tecznego kol\u0119dowania z Polsatem? My te\u017c nie! Zapraszamy Was do wys\u0142uchania naszego podcastu o tym, co i<br \/>\ngdzie obejrze\u0107 w \u015awi\u0119ta i po \u015awi\u0119tach. Troch\u0119 powspominamy i wprowadzimy Was w t\u0119 magiczn\u0105 atmosfer\u0119.<br \/>\nProgram poprowadz\u0105: Zuzanna Mijas, Julia Namiel, Karolina Majtas, Piotr Lendzion<br \/>\n\ud83c\udf85<\/p>\n<p>audio::-webkit-media-controls-panel { background-color:#f28b50;}<\/p>\n<!--[if lt IE 9]><script>document.createElement('audio');<\/script><![endif]-->\n<audio class=\"audio\" id=\"audio-3623-1\" preload=\"none\" style=\"width: 100%;\" controls=\"controls\"><source type=\"audio\/mpeg\" src=\"https:\/\/radio.uksw.edu.pl\/wp-content\/uploads\/sites\/32\/2021\/12\/podcast-25.12_11.00_na-emisje.mp3?_=1\" \/><a href=\"https:\/\/radio.uksw.edu.pl\/wp-content\/uploads\/sites\/32\/2021\/12\/podcast-25.12_11.00_na-emisje.mp3\">https:\/\/radio.uksw.edu.pl\/wp-content\/uploads\/sites\/32\/2021\/12\/podcast-25.12_11.00_na-emisje.mp3<\/a><\/audio>\n","protected":false},"excerpt":{"rendered":"<p>\u015awi\u0119ta, to czas spokoju i sp\u0119dzania czasu ze swoimi najbli\u017cszymi. Ale czy wyobra\u017cacie sobie ten wyj\u0105tkowy czas bez obejrzenia \u201eKevina samego w domu\u201d lub bez \u015bwi\u0105tecznego kol\u0119dowania z Polsatem? My te\u017c nie! Zapraszamy Was do wys\u0142uchania naszego podcastu o tym, co i gdzie obejrze\u0107 w \u015awi\u0119ta i po \u015awi\u0119tach. Troch\u0119 powspominamy i wprowadzimy Was w [&hellip;]<\/p>\n","protected":false},"author":7,"featured_media":5610,"comment_status":"open","ping_status":"closed","sticky":false,"template":"","format":"standard","meta":{"_acf_changed":false,"inline_featured_image":false,"footnotes":"","_links_to":"","_links_to_target":""},"categories":[1],"tags":[],"class_list":["post-3623","post","type-post","status-publish","format-standard","has-post-thumbnail","hentry","category-aktualnosci"],"acf":[],"_links":{"self":[{"href":"https:\/\/radio.uksw.edu.pl\/pl\/wp-json\/wp\/v2\/posts\/3623","targetHints":{"allow":["GET"]}}],"collection":[{"href":"https:\/\/radio.uksw.edu.pl\/pl\/wp-json\/wp\/v2\/posts"}],"about":[{"href":"https:\/\/radio.uksw.edu.pl\/pl\/wp-json\/wp\/v2\/types\/post"}],"author":[{"embeddable":true,"href":"https:\/\/radio.uksw.edu.pl\/pl\/wp-json\/wp\/v2\/users\/7"}],"replies":[{"embeddable":true,"href":"https:\/\/radio.uksw.edu.pl\/pl\/wp-json\/wp\/v2\/comments?post=3623"}],"version-history":[{"count":1,"href":"https:\/\/radio.uksw.edu.pl\/pl\/wp-json\/wp\/v2\/posts\/3623\/revisions"}],"predecessor-version":[{"id":5345,"href":"https:\/\/radio.uksw.edu.pl\/pl\/wp-json\/wp\/v2\/posts\/3623\/revisions\/5345"}],"wp:featuredmedia":[{"embeddable":true,"href":"https:\/\/radio.uksw.edu.pl\/pl\/wp-json\/wp\/v2\/media\/5610"}],"wp:attachment":[{"href":"https:\/\/radio.uksw.edu.pl\/pl\/wp-json\/wp\/v2\/media?parent=3623"}],"wp:term":[{"taxonomy":"category","embeddable":true,"href":"https:\/\/radio.uksw.edu.pl\/pl\/wp-json\/wp\/v2\/categories?post=3623"},{"taxonomy":"post_tag","embeddable":true,"href":"https:\/\/radio.uksw.edu.pl\/pl\/wp-json\/wp\/v2\/tags?post=3623"}],"curies":[{"name":"wp","href":"https:\/\/api.w.org\/{rel}","templated":true}]}}