{"id":3620,"date":"2021-12-24T00:00:00","date_gmt":"2021-12-24T00:00:00","guid":{"rendered":"http:\/\/pc-4\/uksw\/muzyka-na-swieta\/"},"modified":"2022-12-21T06:04:04","modified_gmt":"2022-12-21T05:04:04","slug":"muzyka-na-swieta","status":"publish","type":"post","link":"https:\/\/radio.uksw.edu.pl\/muzyka-na-swieta\/","title":{"rendered":"Muzyka na \u015awi\u0119ta"},"content":{"rendered":"<h1 style=\"color:#d9310f\">Nadszed\u0142 ten dzie\u0144!<\/h1>\n<p>Dzi\u015b mamy 24 grudnia, a wi\u0119c zbli\u017ca si\u0119 pora wigilijnych spotka\u0144. Na t\u0119 szczeg\u00f3ln\u0105 okazj\u0119 (w ramach prezentu!) Daniel \u015amieci\u0144ski i Tomasz Tomaszewski przygotowali dla Was kilka muzycznych propozycji, kt\u00f3re z pewno\u015bci\u0105 wpisz\u0105 si\u0119 w \u015bwi\u0105teczny nastr\u00f3j&#8230;<br \/>\nW ko\u0144cu jest taki dzie\u0144, bardzo ciep\u0142y, cho\u0107 grudniowy&#8230;Zapraszamy do wys\u0142uchania audycji muzycznej.<br \/>\naudio::-webkit-media-controls-panel { background-color:#f28b50;}<\/p>\n<!--[if lt IE 9]><script>document.createElement('audio');<\/script><![endif]-->\n<audio class=\"audio\" id=\"audio-3620-1\" preload=\"none\" style=\"width: 100%;\" controls=\"controls\"><source type=\"audio\/mpeg\" src=\"https:\/\/radio.uksw.edu.pl\/wp-content\/uploads\/sites\/32\/2021\/12\/podcast-24.12_11.00_na-emisje-1.mp3?_=1\" \/><a href=\"https:\/\/radio.uksw.edu.pl\/wp-content\/uploads\/sites\/32\/2021\/12\/podcast-24.12_11.00_na-emisje-1.mp3\">https:\/\/radio.uksw.edu.pl\/wp-content\/uploads\/sites\/32\/2021\/12\/podcast-24.12_11.00_na-emisje-1.mp3<\/a><\/audio>\n<div class=\"snowflake\">\u2745<\/div>\n<div class=\"snowflake\">\u2745<\/div>\n<div class=\"snowflake\">\u2746<\/div>\n<div class=\"snowflake\">\u2744<\/div>\n<div class=\"snowflake\">\u2745<\/div>\n<div class=\"snowflake\">\u2746<\/div>\n<div class=\"snowflake\">\u2744<\/div>\n<div class=\"snowflake\">\u2745<\/div>\n<div class=\"snowflake\">\u2746<\/div>\n<div class=\"snowflake\">\u2744<\/div>\n<p style=\"text-align: center\">\n.snowflake {<br \/>\ncolor: #fff;<br \/>\nfont-size: 1em;<br \/>\nfont-family: Arial;<br \/>\ntext-shadow: 0 0 1px #000;<br \/>\n}<\/p>\n<p>@-webkit-keyframes snowflakes-fall{0%{top:-10%}100%{top:100%}}@-webkit-keyframes snowflakes-shake{0%{-webkit-transform:translateX(0px);transform:translateX(0px)}50%{-webkit-transform:translateX(80px);transform:translateX(80px)}100%{-webkit-transform:translateX(0px);transform:translateX(0px)}}@keyframes snowflakes-fall{0%{top:-10%}100%{top:100%}}@keyframes snowflakes-shake{0%{transform:translateX(0px)}50%{transform:translateX(80px)}100%{transform:translateX(0px)}}.snowflake{position:fixed;top:-10%;z-index:9999;-webkit-user-select:none;-moz-user-select:none;-ms-user-select:none;user-select:none;cursor:default;-webkit-animation-name:snowflakes-fall,snowflakes-shake;-webkit-animation-duration:10s,3s;-webkit-animation-timing-function:linear,ease-in-out;-webkit-animation-iteration-count:infinite,infinite;-webkit-animation-play-state:running,running;animation-name:snowflakes-fall,snowflakes-shake;animation-duration:10s,3s;animation-timing-function:linear,ease-in-out;animation-iteration-count:infinite,infinite;animation-play-state:running,running}.snowflake:nth-of-type(0){left:1%;-webkit-animation-delay:0s,0s;animation-delay:0s,0s}.snowflake:nth-of-type(1){left:10%;-webkit-animation-delay:1s,1s;animation-delay:1s,1s}.snowflake:nth-of-type(2){left:20%;-webkit-animation-delay:6s,.5s;animation-delay:6s,.5s}.snowflake:nth-of-type(3){left:30%;-webkit-animation-delay:4s,2s;animation-delay:4s,2s}.snowflake:nth-of-type(4){left:40%;-webkit-animation-delay:2s,2s;animation-delay:2s,2s}.snowflake:nth-of-type(5){left:50%;-webkit-animation-delay:8s,3s;animation-delay:8s,3s}.snowflake:nth-of-type(6){left:60%;-webkit-animation-delay:6s,2s;animation-delay:6s,2s}.snowflake:nth-of-type(7){left:70%;-webkit-animation-delay:2.5s,1s;animation-delay:2.5s,1s}.snowflake:nth-of-type(8){left:80%;-webkit-animation-delay:1s,0s;animation-delay:1s,0s}.snowflake:nth-of-type(9){left:90%;-webkit-animation-delay:3s,1.5s;animation-delay:3s,1.5s}<\/p>\n","protected":false},"excerpt":{"rendered":"<p>Nadszed\u0142 ten dzie\u0144! Dzi\u015b mamy 24 grudnia, a wi\u0119c zbli\u017ca si\u0119 pora wigilijnych spotka\u0144. Na t\u0119 szczeg\u00f3ln\u0105 okazj\u0119 (w ramach prezentu!) Daniel \u015amieci\u0144ski i Tomasz Tomaszewski przygotowali dla Was kilka muzycznych propozycji, kt\u00f3re z pewno\u015bci\u0105 wpisz\u0105 si\u0119 w \u015bwi\u0105teczny nastr\u00f3j&#8230; W ko\u0144cu jest taki dzie\u0144, bardzo ciep\u0142y, cho\u0107 grudniowy&#8230;Zapraszamy do wys\u0142uchania audycji muzycznej. audio::-webkit-media-controls-panel { [&hellip;]<\/p>\n","protected":false},"author":7,"featured_media":5614,"comment_status":"open","ping_status":"closed","sticky":false,"template":"","format":"standard","meta":{"_acf_changed":false,"inline_featured_image":false,"footnotes":"","_links_to":"","_links_to_target":""},"categories":[1],"tags":[],"class_list":["post-3620","post","type-post","status-publish","format-standard","has-post-thumbnail","hentry","category-aktualnosci"],"acf":[],"_links":{"self":[{"href":"https:\/\/radio.uksw.edu.pl\/pl\/wp-json\/wp\/v2\/posts\/3620","targetHints":{"allow":["GET"]}}],"collection":[{"href":"https:\/\/radio.uksw.edu.pl\/pl\/wp-json\/wp\/v2\/posts"}],"about":[{"href":"https:\/\/radio.uksw.edu.pl\/pl\/wp-json\/wp\/v2\/types\/post"}],"author":[{"embeddable":true,"href":"https:\/\/radio.uksw.edu.pl\/pl\/wp-json\/wp\/v2\/users\/7"}],"replies":[{"embeddable":true,"href":"https:\/\/radio.uksw.edu.pl\/pl\/wp-json\/wp\/v2\/comments?post=3620"}],"version-history":[{"count":2,"href":"https:\/\/radio.uksw.edu.pl\/pl\/wp-json\/wp\/v2\/posts\/3620\/revisions"}],"predecessor-version":[{"id":5615,"href":"https:\/\/radio.uksw.edu.pl\/pl\/wp-json\/wp\/v2\/posts\/3620\/revisions\/5615"}],"wp:featuredmedia":[{"embeddable":true,"href":"https:\/\/radio.uksw.edu.pl\/pl\/wp-json\/wp\/v2\/media\/5614"}],"wp:attachment":[{"href":"https:\/\/radio.uksw.edu.pl\/pl\/wp-json\/wp\/v2\/media?parent=3620"}],"wp:term":[{"taxonomy":"category","embeddable":true,"href":"https:\/\/radio.uksw.edu.pl\/pl\/wp-json\/wp\/v2\/categories?post=3620"},{"taxonomy":"post_tag","embeddable":true,"href":"https:\/\/radio.uksw.edu.pl\/pl\/wp-json\/wp\/v2\/tags?post=3620"}],"curies":[{"name":"wp","href":"https:\/\/api.w.org\/{rel}","templated":true}]}}