{"id":3533,"date":"2020-03-12T00:00:00","date_gmt":"2020-03-12T00:00:00","guid":{"rendered":"http:\/\/pc-4\/uksw\/apel-rektora-do-studentow-uksw-w-sprawie-koronawirusa\/"},"modified":"2022-12-20T15:46:32","modified_gmt":"2022-12-20T14:46:32","slug":"apel-rektora-do-studentow-uksw-w-sprawie-koronawirusa","status":"publish","type":"post","link":"https:\/\/radio.uksw.edu.pl\/apel-rektora-do-studentow-uksw-w-sprawie-koronawirusa\/","title":{"rendered":"Apel Rektora do Student\u00f3w UKSW w sprawie koronawirusa"},"content":{"rendered":"<h4>Rektor UKSW ks. prof. Stanis\u0142aw Dzieko\u0144ski zwraca si\u0119 do student\u00f3w z pro\u015bb\u0105 o respektowanie przepis\u00f3w epidemiologicznych oraz dobre wykorzystanie przymusowego czasu wolnego.<\/h4>\n<p>\u00a0<\/p>\n<p><strong>Drodzy Studenci,<\/strong><\/p>\n<p>w zwi\u0105zku z wprowadzonym \u015brodkiem prewencji w postaci zawieszenia zaj\u0119\u0107 dydaktycznych oraz w poczuciu odpowiedzialno\u015bci za zdrowie, nie tylko cz\u0142onk\u00f3w spo\u0142eczno\u015bci akademickiej Uniwersytetu Kardyna\u0142a Stefana Wyszy\u0144skiego w Warszawie, ale tak\u017ce naszych Bliskich \u2013 nierzadko os\u00f3b starszych lub z obni\u017con\u0105 odporno\u015bci\u0105 \u2013 zwracam si\u0119 z gor\u0105cym apelem o nietraktowanie dni wolnych od zaj\u0119\u0107 jako wakacji.<\/p>\n<p>Chocia\u017c spotkania w gronie przyjaci\u00f3\u0142, zar\u00f3wno w lokalach, jak i w plenerze, s\u0105 bardzo atrakcyjne, nie jest to dobry czas na wzmacnianie \u017cycia towarzyskiego.<\/p>\n<p>Prosz\u0119 zatem o racjonalne dzia\u0142anie i bezwzgl\u0119dne przestrzeganie zalece\u0144 wdra\u017canych i rekomendowanych przez instytucje dbaj\u0105ce o bezpiecze\u0144stwo sanitarne kraju.<\/p>\n<p>Jako spo\u0142eczno\u015b\u0107 uczelni, kt\u00f3rej Patronem jest Kardyna\u0142 Stefan Wyszy\u0144ski, w spos\u00f3b szczeg\u00f3lny \u2013 tak jak i On \u2013 zatroszczmy si\u0119 o dobro cz\u0142owieka. Chro\u0144my zdrowie i \u017cycie.<\/p>\n<p>Pozosta\u0144cie prosz\u0119 w domach. Nie musi to by\u0107 okres pustki. Zach\u0119cam, wykorzystajcie ten czas na nauk\u0119, rozw\u00f3j osobisty, na piel\u0119gnowanie i wzmacnianie talent\u00f3w, kt\u00f3re posiadacie.<\/p>\n<p>Dzia\u0142ajmy racjonalnie i odpowiedzialnie.<\/p>\n<p>W naszych modlitwach pami\u0119tajmy o osobach chorych i pro\u015bmy o zdrowie dla wszystkich.<\/p>\n<p>Z \u017cyczeniami zdrowia<\/p>\n<p>Ks. prof. dr hab. Stanis\u0142aw Dzieko\u0144ski<br \/>\nRektor Uniwersytetu Kardyna\u0142a Stefana Wyszy\u0144skiego<br \/>\nw Warszawie<\/p>\n<p>\u00a0<\/p>\n<p><strong>Komunikat Centrum Wsparcia Dydaktyki:<\/strong> &#8222;Od 11 marca zaj\u0119cia na terenie Uczelni zosta\u0142y odwo\u0142ane. Maj\u0105 si\u0119 one odbywa\u0107 metod\u0105 zdaln\u0105, w szczeg\u00f3lno\u015bci z wykorzystaniem platformy <i>Moodle<\/i>.<\/p>\n<p><strong>Sposoby realizacji zaj\u0119\u0107<\/strong>:<\/p>\n<div>1. poprzez nagranie audio-video na dedykowanym kanale<i> YouTube-szkolenia<\/i> i podanie<strong>\u00a0<\/strong>linku do tego nagrania studentom na <i>Moodle<\/i>. W celu otrzymania dost\u0119pu do kana\u0142u <em>YouTube-szkolenia<\/em> nale\u017cy posiada\u0107 konto w Google (tj. <span id=\"cloakd2f1b84e8ee4fcbf39c2a0a18de89df7\"><a href=\"mailto:...@gmail.com\">&#8230;@gmail.com<\/a><\/span>), wys\u0142a\u0107 zg\u0142oszenie na adres <span id=\"cloakda42360d6a0709c20af9e9a84dbfb9a3\"><a href=\"mailto:zgloszenia@uksw.edu.pl\">zgloszenia@uksw.edu.pl<\/a><\/span> z pro\u015bb\u0105 o dost\u0119p do kana\u0142u YouTube, nagra\u0107 wyk\u0142ad, udost\u0119pni\u0107 go na kanale YouTube, a link do tego nagrania zamie\u015bci\u0107 na kursie (przedmiocie) na platformie <i>Moodle<\/i>.<\/div>\n<div>2. poprzez wgranie na platform\u0119 <i>Moodle <\/i>przygotowanej wcze\u015bniej i opatrzonej komentarzem audio prezentacji, z wykorzystaniem narz\u0119dzi dost\u0119pnych w domu lub w Uniwersytecie (tablice multimedialne NovaTouch). W celu skorzystania z tablic multimedialnych nale\u017cy skontaktowa\u0107 si\u0119 z sekcj\u0105 AV w CSI (kontakty podane w Zarz\u0105dzeniu Rektora 23\/2020)&#8221;.<\/div>\n","protected":false},"excerpt":{"rendered":"<p>Rektor UKSW ks. prof. Stanis\u0142aw Dzieko\u0144ski zwraca si\u0119 do student\u00f3w z pro\u015bb\u0105 o respektowanie przepis\u00f3w epidemiologicznych oraz dobre wykorzystanie przymusowego czasu wolnego. \u00a0 Drodzy Studenci, w zwi\u0105zku z wprowadzonym \u015brodkiem prewencji w postaci zawieszenia zaj\u0119\u0107 dydaktycznych oraz w poczuciu odpowiedzialno\u015bci za zdrowie, nie tylko cz\u0142onk\u00f3w spo\u0142eczno\u015bci akademickiej Uniwersytetu Kardyna\u0142a Stefana Wyszy\u0144skiego w Warszawie, ale tak\u017ce [&hellip;]<\/p>\n","protected":false},"author":7,"featured_media":2626,"comment_status":"open","ping_status":"closed","sticky":false,"template":"","format":"standard","meta":{"_acf_changed":false,"inline_featured_image":false,"footnotes":"","_links_to":"","_links_to_target":""},"categories":[25],"tags":[],"class_list":["post-3533","post","type-post","status-publish","format-standard","has-post-thumbnail","hentry","category-wiadomoaci"],"acf":[],"_links":{"self":[{"href":"https:\/\/radio.uksw.edu.pl\/pl\/wp-json\/wp\/v2\/posts\/3533","targetHints":{"allow":["GET"]}}],"collection":[{"href":"https:\/\/radio.uksw.edu.pl\/pl\/wp-json\/wp\/v2\/posts"}],"about":[{"href":"https:\/\/radio.uksw.edu.pl\/pl\/wp-json\/wp\/v2\/types\/post"}],"author":[{"embeddable":true,"href":"https:\/\/radio.uksw.edu.pl\/pl\/wp-json\/wp\/v2\/users\/7"}],"replies":[{"embeddable":true,"href":"https:\/\/radio.uksw.edu.pl\/pl\/wp-json\/wp\/v2\/comments?post=3533"}],"version-history":[{"count":1,"href":"https:\/\/radio.uksw.edu.pl\/pl\/wp-json\/wp\/v2\/posts\/3533\/revisions"}],"predecessor-version":[{"id":5549,"href":"https:\/\/radio.uksw.edu.pl\/pl\/wp-json\/wp\/v2\/posts\/3533\/revisions\/5549"}],"wp:featuredmedia":[{"embeddable":true,"href":"https:\/\/radio.uksw.edu.pl\/pl\/wp-json\/"}],"wp:attachment":[{"href":"https:\/\/radio.uksw.edu.pl\/pl\/wp-json\/wp\/v2\/media?parent=3533"}],"wp:term":[{"taxonomy":"category","embeddable":true,"href":"https:\/\/radio.uksw.edu.pl\/pl\/wp-json\/wp\/v2\/categories?post=3533"},{"taxonomy":"post_tag","embeddable":true,"href":"https:\/\/radio.uksw.edu.pl\/pl\/wp-json\/wp\/v2\/tags?post=3533"}],"curies":[{"name":"wp","href":"https:\/\/api.w.org\/{rel}","templated":true}]}}