{"id":3521,"date":"2020-01-19T00:00:00","date_gmt":"2020-01-19T00:00:00","guid":{"rendered":"http:\/\/pc-4\/uksw\/uniwersytecka-komisja-wyborcza-powolana\/"},"modified":"2022-12-20T15:46:37","modified_gmt":"2022-12-20T14:46:37","slug":"uniwersytecka-komisja-wyborcza-powolana","status":"publish","type":"post","link":"https:\/\/radio.uksw.edu.pl\/uniwersytecka-komisja-wyborcza-powolana\/","title":{"rendered":"Uniwersytecka Komisja Wyborcza powo\u0142ana"},"content":{"rendered":"<h4>Rektor UKSW ks. prof. dr hab. Stanis\u0142aw Dzieko\u0144ski zwo\u0142a\u0142 pierwsze zebranie Uniwersyteckiej Komisji Wyborczej.<\/h4>\n<p>Powo\u0142anie, sk\u0142ad i dzia\u0142anie Uniwersyteckiej Komisji Wyborczej reguluj\u0105 przepisy ordynacji wyborczej UKSW zawarte w Za\u0142\u0105czniku Nr 2 do <a href=\"https:\/\/monitor.uksw.edu.pl\/docs\/download\/45ef22e6ff576236f943ae37cdb274a1\" rel=\"noopener\">Statutu UKSW<\/a>. Powstanie Uniwersyteckiej Komisji Wyborczej rozpoczyna proces wy\u0142aniania w\u0142adz Uczelni w kadencji 2020-2024.<\/p>\n<p>Na pierwszym posiedzeniu Komisji, kt\u00f3re odby\u0142o si\u0119 8 stycznia br., wybrano przewodnicz\u0105cego, zast\u0119pc\u0119 przewodnicz\u0105cego i sekretarza-protokolanta. Zostali nimi: ks. prof. UKSW dr hab. <strong>Marek St\u0119pie\u0144<\/strong> (WPK), dr hab. <strong>Marcin Wielec<\/strong> (WPiA) oraz mgr <strong>Iwona Stefa\u0144czyk-G\u0105ska<\/strong> (adm.\/BO). Pozostali cz\u0142onkowie Uniwersyteckiej Komisji Wyborczej:<\/p>\n<p>ks. prof. UKSW dr hab. Dariusz Kurzyd\u0142o (WT)<br \/>\nprof. dr hab. Anna Lema\u0144ska (WFCh)<br \/>\nprof. dr hab. Czes\u0142aw Grajewski (WNHS)<br \/>\nprof. UKSW dr hab. Jolanta \u0141odzi\u0144ska (WSE)<br \/>\nprof. UKSW dr hab. Ewa Szczeglacka-Paw\u0142owska (WNH)<br \/>\nprof. UKSW dr hab. Marian Turza\u0144ski (WMP.SNS)<br \/>\nprof. UKSW dr hab. Barbara Galas (WNP)<br \/>\nprof. dr hab. Rafa\u0142 Mi\u0142aszewski (WBNS)<br \/>\nks. prof. UKSW dr hab. J\u00f3zef M\u0142y\u0144ski (WSR)<br \/>\nprof. UKSW dr hab. Marek Czarkowski (WMCM)<br \/>\nmgr Arkadiusz Mr\u00f3z (WPK)<br \/>\nmgr Marcin Ko\u0142odziej (SaD)<br \/>\nPaulina Seremak (SaS)<\/p>\n","protected":false},"excerpt":{"rendered":"<p>Rektor UKSW ks. prof. dr hab. Stanis\u0142aw Dzieko\u0144ski zwo\u0142a\u0142 pierwsze zebranie Uniwersyteckiej Komisji Wyborczej. Powo\u0142anie, sk\u0142ad i dzia\u0142anie Uniwersyteckiej Komisji Wyborczej reguluj\u0105 przepisy ordynacji wyborczej UKSW zawarte w Za\u0142\u0105czniku Nr 2 do Statutu UKSW. Powstanie Uniwersyteckiej Komisji Wyborczej rozpoczyna proces wy\u0142aniania w\u0142adz Uczelni w kadencji 2020-2024. Na pierwszym posiedzeniu Komisji, kt\u00f3re odby\u0142o si\u0119 8 stycznia [&hellip;]<\/p>\n","protected":false},"author":7,"featured_media":3522,"comment_status":"open","ping_status":"closed","sticky":false,"template":"","format":"standard","meta":{"_acf_changed":false,"inline_featured_image":false,"footnotes":"","_links_to":"","_links_to_target":""},"categories":[25],"tags":[],"class_list":["post-3521","post","type-post","status-publish","format-standard","has-post-thumbnail","hentry","category-wiadomoaci"],"acf":[],"_links":{"self":[{"href":"https:\/\/radio.uksw.edu.pl\/pl\/wp-json\/wp\/v2\/posts\/3521","targetHints":{"allow":["GET"]}}],"collection":[{"href":"https:\/\/radio.uksw.edu.pl\/pl\/wp-json\/wp\/v2\/posts"}],"about":[{"href":"https:\/\/radio.uksw.edu.pl\/pl\/wp-json\/wp\/v2\/types\/post"}],"author":[{"embeddable":true,"href":"https:\/\/radio.uksw.edu.pl\/pl\/wp-json\/wp\/v2\/users\/7"}],"replies":[{"embeddable":true,"href":"https:\/\/radio.uksw.edu.pl\/pl\/wp-json\/wp\/v2\/comments?post=3521"}],"version-history":[{"count":1,"href":"https:\/\/radio.uksw.edu.pl\/pl\/wp-json\/wp\/v2\/posts\/3521\/revisions"}],"predecessor-version":[{"id":5558,"href":"https:\/\/radio.uksw.edu.pl\/pl\/wp-json\/wp\/v2\/posts\/3521\/revisions\/5558"}],"wp:featuredmedia":[{"embeddable":true,"href":"https:\/\/radio.uksw.edu.pl\/pl\/wp-json\/"}],"wp:attachment":[{"href":"https:\/\/radio.uksw.edu.pl\/pl\/wp-json\/wp\/v2\/media?parent=3521"}],"wp:term":[{"taxonomy":"category","embeddable":true,"href":"https:\/\/radio.uksw.edu.pl\/pl\/wp-json\/wp\/v2\/categories?post=3521"},{"taxonomy":"post_tag","embeddable":true,"href":"https:\/\/radio.uksw.edu.pl\/pl\/wp-json\/wp\/v2\/tags?post=3521"}],"curies":[{"name":"wp","href":"https:\/\/api.w.org\/{rel}","templated":true}]}}