{"id":3516,"date":"2019-12-28T00:00:00","date_gmt":"2019-12-28T00:00:00","guid":{"rendered":"http:\/\/pc-4\/uksw\/konkurs-interstudent-2020\/"},"modified":"2022-12-20T15:46:38","modified_gmt":"2022-12-20T14:46:38","slug":"konkurs-interstudent-2020","status":"publish","type":"post","link":"https:\/\/radio.uksw.edu.pl\/konkurs-interstudent-2020\/","title":{"rendered":"Konkurs Interstudent 2020"},"content":{"rendered":"<h4>Do 7 stycznia mo\u017cna zg\u0142asza\u0107 kandydat\u00f3w do X edycji konkursu INTERSTUDENT na najlepszego studenta zagranicznego w Polsce. Wydarzenie organizowane jest w ramach programu Study in Poland.<\/h4>\n<p>W polskich uczelniach studiuje obecnie ponad 80 tysi\u0119cy obcokrajowc\u00f3w. Na szczeg\u00f3lne wyr\u00f3\u017cnienie zas\u0142uguj\u0105 Ci, kt\u00f3rzy poprzez swoj\u0105 aktywn\u0105 postaw\u0119 i budowanie porozumienia mi\u0119dzy kulturami wzbogacaj\u0105 polskie \u015brodowisko akademickie. Kapitu\u0142a Konkursu wybierze najlepszych obcokrajowc\u00f3w studiuj\u0105cych w uczelniach publicznych i niepublicznych, na studiach <strong>licencjackich<\/strong>, <strong>magisterskich<\/strong> i <strong>doktoranckich<\/strong>.<\/p>\n<p>Warunkiem udzia\u0142u w konkursie jest <strong>aktywno\u015b\u0107 w lokalnym \u015brodowisku studenckim<\/strong> &#8211; kulturalna, spo\u0142eczna, ekologiczna, sportowa oraz <strong>dobre wyniki w nauce<\/strong>, czy te\u017c udzia\u0142 w ciekawych projektach badawczych. Kandydat\u00f3w zg\u0142asza\u0107 mog\u0105 ich profesorowie, opiekunowie, w\u0142adze uczelni, biura wsp\u00f3\u0142pracy zagranicznej, samorz\u0105dy studenckie, a tak\u017ce kole\u017canki i koledzy.<\/p>\n<p>Konkurs INTERSTUDENT organizowany jest pod Honorowym Patronatem prof. dr. hab in\u017c. Jana Szmidta, przewodnicz\u0105cego Konferencji Rektor\u00f3w Akademickich Szk\u00f3\u0142 Polskich. Partnerami Konkursu s\u0105: Konferencja Rektor\u00f3w Akademickich Szk\u00f3\u0142 Polskich, Parlament Student\u00f3w RP i Krajowa Reprezentacja Doktorant\u00f3w. <strong>Gala Fina\u0142owa<\/strong> konkursu INTERSTUDENT odb\u0119dzie si\u0119 <strong>27 stycznia 2020 r. w \u0141odzi<\/strong>, podczas konferencji <em>&#8222;Studenci zagraniczni w Polsce 2020&#8221;<\/em>.<\/p>\n<p>Ankieta konkursowa: <a href=\"https:\/\/uksw.edu.pl\/images\/studia\/ankieta_interstudent_2020.doc\">doc.<\/a> \/ <a href=\"https:\/\/uksw.edu.pl\/images\/studia\/ankieta_interstudent_2020.pdf\">pdf.<\/a><\/p>\n<p>Termin nadsy\u0142ania zg\u0142osze\u0144 up\u0142ywa <strong>7 stycznia 2020 r<\/strong>.<\/p>\n<p>Wi\u0119cej informacji dost\u0119pnych jest na stronie: <a href=\"https:\/\/link.freshmail.mx\/c\/lglnxjwjaq\/p6czuxj7p3\" rel=\"noopener\">www.studyinpoland.pl\/interstudent <\/a><\/p>\n<p>Dodatkowych informacji udziela p. Julia \u0141ysik, <span id=\"cloak118129589e1d147059b9520ad084f478\"><\/span><a href=\"mailto:j.lysik@perspektywy.pl\">j.lysik@perspektywy.pl<\/a><\/p>\n","protected":false},"excerpt":{"rendered":"<p>Do 7 stycznia mo\u017cna zg\u0142asza\u0107 kandydat\u00f3w do X edycji konkursu INTERSTUDENT na najlepszego studenta zagranicznego w Polsce. Wydarzenie organizowane jest w ramach programu Study in Poland. W polskich uczelniach studiuje obecnie ponad 80 tysi\u0119cy obcokrajowc\u00f3w. Na szczeg\u00f3lne wyr\u00f3\u017cnienie zas\u0142uguj\u0105 Ci, kt\u00f3rzy poprzez swoj\u0105 aktywn\u0105 postaw\u0119 i budowanie porozumienia mi\u0119dzy kulturami wzbogacaj\u0105 polskie \u015brodowisko akademickie. Kapitu\u0142a [&hellip;]<\/p>\n","protected":false},"author":7,"featured_media":2595,"comment_status":"open","ping_status":"closed","sticky":false,"template":"","format":"standard","meta":{"_acf_changed":false,"inline_featured_image":false,"footnotes":"","_links_to":"","_links_to_target":""},"categories":[25],"tags":[],"class_list":["post-3516","post","type-post","status-publish","format-standard","has-post-thumbnail","hentry","category-wiadomoaci"],"acf":[],"_links":{"self":[{"href":"https:\/\/radio.uksw.edu.pl\/pl\/wp-json\/wp\/v2\/posts\/3516","targetHints":{"allow":["GET"]}}],"collection":[{"href":"https:\/\/radio.uksw.edu.pl\/pl\/wp-json\/wp\/v2\/posts"}],"about":[{"href":"https:\/\/radio.uksw.edu.pl\/pl\/wp-json\/wp\/v2\/types\/post"}],"author":[{"embeddable":true,"href":"https:\/\/radio.uksw.edu.pl\/pl\/wp-json\/wp\/v2\/users\/7"}],"replies":[{"embeddable":true,"href":"https:\/\/radio.uksw.edu.pl\/pl\/wp-json\/wp\/v2\/comments?post=3516"}],"version-history":[{"count":1,"href":"https:\/\/radio.uksw.edu.pl\/pl\/wp-json\/wp\/v2\/posts\/3516\/revisions"}],"predecessor-version":[{"id":5562,"href":"https:\/\/radio.uksw.edu.pl\/pl\/wp-json\/wp\/v2\/posts\/3516\/revisions\/5562"}],"wp:featuredmedia":[{"embeddable":true,"href":"https:\/\/radio.uksw.edu.pl\/pl\/wp-json\/"}],"wp:attachment":[{"href":"https:\/\/radio.uksw.edu.pl\/pl\/wp-json\/wp\/v2\/media?parent=3516"}],"wp:term":[{"taxonomy":"category","embeddable":true,"href":"https:\/\/radio.uksw.edu.pl\/pl\/wp-json\/wp\/v2\/categories?post=3516"},{"taxonomy":"post_tag","embeddable":true,"href":"https:\/\/radio.uksw.edu.pl\/pl\/wp-json\/wp\/v2\/tags?post=3516"}],"curies":[{"name":"wp","href":"https:\/\/api.w.org\/{rel}","templated":true}]}}