{"id":3507,"date":"2019-12-05T00:00:00","date_gmt":"2019-12-05T00:00:00","guid":{"rendered":"http:\/\/pc-4\/uksw\/laureaci-konkursu-pfron\/"},"modified":"2022-12-20T15:46:39","modified_gmt":"2022-12-20T14:46:39","slug":"laureaci-konkursu-pfron","status":"publish","type":"post","link":"https:\/\/radio.uksw.edu.pl\/laureaci-konkursu-pfron\/","title":{"rendered":"Laureaci konkursu PFRON"},"content":{"rendered":"<h4>W Auli Jana Paw\u0142a II na kampusie UKSW wr\u0119czono nagrody w XVI edycji konkursu PFRON na najlepsze prace naukowe po\u015bwi\u0119cone tematyce niepe\u0142nosprawno\u015bci \u201eOtwarte drzwi\u201d.<\/h4>\n<p>Przyby\u0142ych na gal\u0119 go\u015bci oraz laureat\u00f3w powita\u0142 ks. prof. Stanis\u0142aw Dzieko\u0144ski, Rektor UKSW. <em>Mam zaszczyt powita\u0107 wszystkich w murach UKSW, kt\u00f3remu patronuje Kardyna\u0142 Stefan Wyszy\u0144ski, w auli nazwanej imieniem Jana Paw\u0142a II (\u2026) Ich nauczanie wyznacza dzia\u0142ania, jakie podejmowane s\u0105 na naszej uczelni, w obszarze nauki, dydaktyki a tak\u017ce wsp\u00f3\u0142pracy z osobami niepe\u0142nosprawnymi (\u2026). <\/em>JM Rektor podkre\u015bli\u0142, \u017ce w dzia\u0142ania te wpisuj\u0105 si\u0119 powstanie Wydzia\u0142u Medycznego, a tak\u017ce rozpocz\u0119cie projektu psychiatrii \u015brodowiskowej<em>. <\/em>Przywo\u0142a\u0142 tak\u017ce s\u0142owa Jana Paw\u0142a II, z kt\u00f3rych wynika potrzeba wzajemnego ubogacania i wsparcia ze strony drugiego cz\u0142owieka. Podczas briefingu prasowego, poprzedzaj\u0105cego gal\u0119 ks. prof. Dzieko\u0144ski zaznaczy\u0142, \u017ce <em>Patron UKSW, kardyna\u0142 Stefan Wyszy\u0144ski silne podkre\u015bla\u0142 warto\u015b\u0107 ka\u017cdej osoby oraz akcentowa\u0142 jej godno\u015b\u0107. <\/em><\/p>\n<blockquote><p><em>Ciesz\u0119 si\u0119, \u017ce jest on okazj\u0105 do szukania innowacyjnych rozwi\u0105za\u0144, kt\u00f3re maj\u0105 realny wp\u0142yw na lepsze funkcjonowanie os\u00f3b niepe\u0142nosprawnych w \u017cyciu spo\u0142ecznym i zawodowym. W najlepszych pracach magisterskich i\u00a0doktorskich komisja konkursowa wyr\u00f3\u017cnia m.in. nowatorskie podej\u015bcie do tematu czy wysok\u0105 warto\u015b\u0107 merytoryczn\u0105 sformu\u0142owanych wniosk\u00f3w oraz mo\u017cliwo\u015b\u0107 ich praktycznego wykorzystania. \u201eOtwarte drzwi\u201d to doskona\u0142a formu\u0142a tworzenia nowych jako\u015bci i perspektyw w my\u015bleniu o\u00a0niepe\u0142nosprawno\u015bci i rehabilitacji <\/em>\u2013 m\u00f3wi\u0142 podczas gali Krzysztof Micha\u0142kiewicz, prezes zarz\u0105du Pa\u0144stwowego Funduszu Rehabilitacji Os\u00f3b Niepe\u0142nosprawnych.<\/p><\/blockquote>\n<p>List prezesa Rady Ministr\u00f3w Mateusza Morawieckiego odczyta\u0142a minister rodziny, pracy i\u00a0polityki spo\u0142ecznej Marlena Mal\u0105g. Go\u015bciem specjalnym by\u0142 Cezary Szmidke &#8211; popularyzator nauki, go\u015b\u0107 oraz wsp\u00f3\u0142tw\u00f3rca licznych program\u00f3w edukacyjnych. Ze strony UKSW obecni byli: Rektor UKSW, ks. prof. Stanis\u0142aw Dzieko\u0144ski oraz Prorektor ds. Studenckich i Kszta\u0142cenia, prof. Anna Fidelus. Gal\u0119 od strony artystycznej u\u015bwietni\u0142 wyst\u0119p Mieczys\u0142awa Szcze\u015bniaka.<\/p>\n<p>Nagrody przyznane zosta\u0142y w trzech kategoriach dla najlepszych prac magisterskich: rehabilitacja spo\u0142eczna, rehabilitacja zawodowa i rozwi\u0105zania technologiczne s\u0142u\u017c\u0105ce osobom niepe\u0142nosprawnym, a tak\u017ce rehabilitacja medyczna maj\u0105ca wp\u0142yw na lepsze funkcjonowanie os\u00f3b niepe\u0142nosprawnych w\u00a0\u017cyciu spo\u0142ecznym i zawodowym.<\/p>\n<p>Nagrod\u0119 g\u0142\u00f3wn\u0105 z zakresu rehabilitacji spo\u0142ecznej otrzyma\u0142a Kataryna Fr\u0105czek &#8211; za prac\u0119 po\u015bwi\u0119con\u0105 poczuciu pi\u0119tna i dyskryminacji u os\u00f3b choruj\u0105cych psychicznie korzystaj\u0105cych ze \u015brodowiskowych metod wsparcia. Z zakresu rehabilitacji medycznej pierwsze miejsce uzyska\u0142a Aleksandra Bawolska-Piszczatowska &#8211; za prac\u0119 <em>\u201eRodzice dziecka zagro\u017conego niepe\u0142nosprawno\u015bci\u0105 \u2013 (nie)obecno\u015b\u0107 wsparcia\u201d<\/em>. Z kolei w kategorii <em>\u201eRehabilitacja zawodowa oraz rozwi\u0105zania technologiczne s\u0142u\u017c\u0105ce osobom niepe\u0142nosprawnym\u201d<\/em> miejsce pierwsze zdoby\u0142a Nadzeya Avizhych &#8211; za prac\u0119 po\u015bwi\u0119con\u0105 adaptacji geograficznego atlasu Bia\u0142orusi dla os\u00f3b s\u0142abowidz\u0105cych i niewidomych. Nagrod\u0119 otrzyma\u0142a r\u00f3wnie\u017c najlepsza, w\u015br\u00f3d zg\u0142oszonych do konkursu, praca doktorska. Statuetka i\u00a0honorarium w wysoko\u015bci 8 tys. z\u0142otych trafi\u0142y do dr. Kamila Pietrowiaka, autora pracy <em>\u201e\u015awiat po omacku. Spo\u0142eczne i\u00a0kulturowe ramy relacji, praktyk i odczu\u0107 os\u00f3b niewidomych\u201d.<\/em><\/p>\n<p>Konkurs <strong>\u201eOtwarte drzwi\u201d<\/strong> tworzony jest z my\u015bl\u0105 o osobach z niepe\u0142nosprawno\u015bci\u0105. Og\u00f3lnopolski Konkurs na najlepsze prace magisterskie i doktorskie po\u015bwi\u0119cone problematyce niepe\u0142nosprawno\u015bci <strong>\u201eOtwarte drzwi\u201d<\/strong> organizowany jest od 2003 roku. Jego celem jest zwi\u0119kszanie zainteresowania problematyk\u0105 niepe\u0142nosprawno\u015bci w\u015br\u00f3d os\u00f3b ko\u0144cz\u0105cych studia wy\u017csze, pr\u00f3ba zmiany sposobu postrzegania niepe\u0142nosprawno\u015bci, oraz wyznaczenie kierunk\u00f3w dzia\u0142a\u0144 na rzecz \u015brodowiska os\u00f3b niepe\u0142nosprawnych. Zamierzeniem organizator\u00f3w konkursu jest tak\u017ce promowanie nowatorskich, ciekawych i godnych wdra\u017cania rozwi\u0105za\u0144 s\u0142u\u017c\u0105cych szeroko poj\u0119tej rehabilitacji i\u00a0integracji spo\u0142ecznej. Prace s\u0105 oceniane przez niezale\u017cn\u0105 komisj\u0119 z\u0142o\u017con\u0105 z przedstawicieli \u015brodowiska akademickiego \u2013 uczelni medycznych, politechnik i szeroko poj\u0119tej humanistyki. Na jej czele stoi prof. dr hab. n. med. Anna Wilmowska-Pietruszy\u0144ska z Wy\u017cszej Szko\u0142y Rehabilitacji w\u00a0Warszawie.<\/p>\n<p>\u0179r\u00f3d\u0142o: <a href=\"https:\/\/www.pfron.org.pl\/aktualnosci\/szczegoly-aktualnosci\/news\/pfron-oglosil-zwyciezcow-w-konkursie-otwarte-drzwi\/\">https:\/\/www.pfron.org.pl\/aktualnosci\/szczegoly-aktualnosci\/news\/pfron-oglosil-zwyciezcow-w-konkursie-otwarte-drzwi\/<\/a><\/p>\n","protected":false},"excerpt":{"rendered":"<p>W Auli Jana Paw\u0142a II na kampusie UKSW wr\u0119czono nagrody w XVI edycji konkursu PFRON na najlepsze prace naukowe po\u015bwi\u0119cone tematyce niepe\u0142nosprawno\u015bci \u201eOtwarte drzwi\u201d. Przyby\u0142ych na gal\u0119 go\u015bci oraz laureat\u00f3w powita\u0142 ks. prof. Stanis\u0142aw Dzieko\u0144ski, Rektor UKSW. Mam zaszczyt powita\u0107 wszystkich w murach UKSW, kt\u00f3remu patronuje Kardyna\u0142 Stefan Wyszy\u0144ski, w auli nazwanej imieniem Jana Paw\u0142a [&hellip;]<\/p>\n","protected":false},"author":7,"featured_media":2579,"comment_status":"open","ping_status":"closed","sticky":false,"template":"","format":"standard","meta":{"_acf_changed":false,"inline_featured_image":false,"footnotes":"","_links_to":"","_links_to_target":""},"categories":[25],"tags":[],"class_list":["post-3507","post","type-post","status-publish","format-standard","has-post-thumbnail","hentry","category-wiadomoaci"],"acf":[],"_links":{"self":[{"href":"https:\/\/radio.uksw.edu.pl\/pl\/wp-json\/wp\/v2\/posts\/3507","targetHints":{"allow":["GET"]}}],"collection":[{"href":"https:\/\/radio.uksw.edu.pl\/pl\/wp-json\/wp\/v2\/posts"}],"about":[{"href":"https:\/\/radio.uksw.edu.pl\/pl\/wp-json\/wp\/v2\/types\/post"}],"author":[{"embeddable":true,"href":"https:\/\/radio.uksw.edu.pl\/pl\/wp-json\/wp\/v2\/users\/7"}],"replies":[{"embeddable":true,"href":"https:\/\/radio.uksw.edu.pl\/pl\/wp-json\/wp\/v2\/comments?post=3507"}],"version-history":[{"count":1,"href":"https:\/\/radio.uksw.edu.pl\/pl\/wp-json\/wp\/v2\/posts\/3507\/revisions"}],"predecessor-version":[{"id":5564,"href":"https:\/\/radio.uksw.edu.pl\/pl\/wp-json\/wp\/v2\/posts\/3507\/revisions\/5564"}],"wp:featuredmedia":[{"embeddable":true,"href":"https:\/\/radio.uksw.edu.pl\/pl\/wp-json\/"}],"wp:attachment":[{"href":"https:\/\/radio.uksw.edu.pl\/pl\/wp-json\/wp\/v2\/media?parent=3507"}],"wp:term":[{"taxonomy":"category","embeddable":true,"href":"https:\/\/radio.uksw.edu.pl\/pl\/wp-json\/wp\/v2\/categories?post=3507"},{"taxonomy":"post_tag","embeddable":true,"href":"https:\/\/radio.uksw.edu.pl\/pl\/wp-json\/wp\/v2\/tags?post=3507"}],"curies":[{"name":"wp","href":"https:\/\/api.w.org\/{rel}","templated":true}]}}