{"id":3495,"date":"2019-11-25T00:00:00","date_gmt":"2019-11-25T00:00:00","guid":{"rendered":"http:\/\/pc-4\/uksw\/zapraszamy-na-badanie-psychologiczne\/"},"modified":"2022-12-20T15:46:41","modified_gmt":"2022-12-20T14:46:41","slug":"zapraszamy-na-badanie-psychologiczne","status":"publish","type":"post","link":"https:\/\/radio.uksw.edu.pl\/zapraszamy-na-badanie-psychologiczne\/","title":{"rendered":"Zapraszamy na badanie psychologiczne"},"content":{"rendered":"<h4>W ramach grantu PRELUDIUM, naukowcy z Instytutu Psychologii Uniwersytetu Kardyna\u0142a Stefana Wyszy\u0144skiego w Warszawie zapraszaj\u0105 ch\u0119tnych kandydat\u00f3w do udzia\u0142u w badaniu psychologicznym.<\/h4>\n<p>Eksperyment polega\u0107 b\u0119dzie na badaniach r\u00f3\u017cnic w dzia\u0142aniu pami\u0119ci os\u00f3b z dysleksj\u0105 i os\u00f3b bez niej. Ca\u0142y projekt obejmuje 3 eksperymenty &#8211; za wzi\u0119cie udzia\u0142u w jednym badaniu, uczestnik otrzymuje bon o warto\u015bci 40 z\u0142otych w sieci sklep\u00f3w &#8222;Empik&#8221;.<\/p>\n<div class=\"oKdM2c Kzv0Me\">\n<div id=\"h.p_iReYs4a4Ppys\" class=\"hJDwNd-AhqUyc-OwsYgb jXK9ad D2fZ2 OjCsFc GNzUNc\">\n<div class=\"jXK9ad-SmKAyb\">\n<div class=\"tyJCtd mGzaTb baZpAe\">\n<div><\/div>\n<div class=\"TyBUR\">Aby przyst\u0105pi\u0107 do eksperymentu nale\u017cy:<\/div>\n<\/div>\n<\/div>\n<\/div>\n<\/div>\n<div class=\"oKdM2c\">\n<div id=\"h.p_4RtSYXF7QMo-\" class=\"hJDwNd-AhqUyc-OwsYgb jXK9ad D2fZ2 wHaque GNzUNc\">\n<div class=\"jXK9ad-SmKAyb\">\n<div class=\"tyJCtd mGzaTb baZpAe\">\n<div class=\"TyBUR\">\n<ul>\n<li class=\"SSAUuc MmBOub\">\u00a0Znajdowa\u0107 si\u0119 w przedziale wiekowym 18 &#8211; 30 lat<\/li>\n<li class=\"SSAUuc MmBOub\">Udost\u0119pni\u0107 do wgl\u0105du za\u015bwiadczenie o dysleksji wystawione w poradni pedagogiczno- psychologicznej (dotyczy uczestnik\u00f3w z dysleksj\u0105)<\/li>\n<li>Wype\u0142ni\u0107 kwestionariusz objaw\u00f3w dysleksji zamieszczony w formularzu zg\u0142oszeniowym: <span class=\"_5yl5\"><a href=\"https:\/\/sites.google.com\/view\/dysleksja?fbclid=IwAR2leoh8IHKaJRzTOZFYWy5i_Uuk0uyQ7H6nezvP_HRit9618eGciYG1bgk\" rel=\"nofollow noopener\" data-lynx-mode=\"hover\" data-lynx-uri=\"https:\/\/l.facebook.com\/l.php?u=https%3A%2F%2Fsites.google.com%2Fview%2Fdysleksja%3Ffbclid%3DIwAR2leoh8IHKaJRzTOZFYWy5i_Uuk0uyQ7H6nezvP_HRit9618eGciYG1bgk&amp;h=AT2QIolLJvKlOgrxQ9WIYP9aiA0oREMAmxlxZDz5HRG_k6fAiC_8RP2h8Z3DCIqpzdzL54C6mzp24n111flE-qnwe31W7xtM2xus9MJ7quqiiAaFH2XKFZtVuH2bT5d9u9vikg4DNNuk2k7EJ4Z0eg\">https:\/\/sites.google.com\/view\/dysleksja<\/a><\/span><\/li>\n<\/ul>\n<p>Badanie odb\u0119dzie si\u0119 na kampusie UKSW przy ul. W\u00f3ycickiego 1\/3, w budynku 14 w dogodnym dla uczestnika terminie.<\/p>\n<\/div>\n<\/div>\n<\/div>\n<\/div>\n<\/div>\n","protected":false},"excerpt":{"rendered":"<p>W ramach grantu PRELUDIUM, naukowcy z Instytutu Psychologii Uniwersytetu Kardyna\u0142a Stefana Wyszy\u0144skiego w Warszawie zapraszaj\u0105 ch\u0119tnych kandydat\u00f3w do udzia\u0142u w badaniu psychologicznym. Eksperyment polega\u0107 b\u0119dzie na badaniach r\u00f3\u017cnic w dzia\u0142aniu pami\u0119ci os\u00f3b z dysleksj\u0105 i os\u00f3b bez niej. Ca\u0142y projekt obejmuje 3 eksperymenty &#8211; za wzi\u0119cie udzia\u0142u w jednym badaniu, uczestnik otrzymuje bon o warto\u015bci [&hellip;]<\/p>\n","protected":false},"author":7,"featured_media":2558,"comment_status":"open","ping_status":"closed","sticky":false,"template":"","format":"standard","meta":{"_acf_changed":false,"inline_featured_image":false,"footnotes":"","_links_to":"","_links_to_target":""},"categories":[25],"tags":[],"class_list":["post-3495","post","type-post","status-publish","format-standard","has-post-thumbnail","hentry","category-wiadomoaci"],"acf":[],"_links":{"self":[{"href":"https:\/\/radio.uksw.edu.pl\/pl\/wp-json\/wp\/v2\/posts\/3495","targetHints":{"allow":["GET"]}}],"collection":[{"href":"https:\/\/radio.uksw.edu.pl\/pl\/wp-json\/wp\/v2\/posts"}],"about":[{"href":"https:\/\/radio.uksw.edu.pl\/pl\/wp-json\/wp\/v2\/types\/post"}],"author":[{"embeddable":true,"href":"https:\/\/radio.uksw.edu.pl\/pl\/wp-json\/wp\/v2\/users\/7"}],"replies":[{"embeddable":true,"href":"https:\/\/radio.uksw.edu.pl\/pl\/wp-json\/wp\/v2\/comments?post=3495"}],"version-history":[{"count":1,"href":"https:\/\/radio.uksw.edu.pl\/pl\/wp-json\/wp\/v2\/posts\/3495\/revisions"}],"predecessor-version":[{"id":5569,"href":"https:\/\/radio.uksw.edu.pl\/pl\/wp-json\/wp\/v2\/posts\/3495\/revisions\/5569"}],"wp:featuredmedia":[{"embeddable":true,"href":"https:\/\/radio.uksw.edu.pl\/pl\/wp-json\/"}],"wp:attachment":[{"href":"https:\/\/radio.uksw.edu.pl\/pl\/wp-json\/wp\/v2\/media?parent=3495"}],"wp:term":[{"taxonomy":"category","embeddable":true,"href":"https:\/\/radio.uksw.edu.pl\/pl\/wp-json\/wp\/v2\/categories?post=3495"},{"taxonomy":"post_tag","embeddable":true,"href":"https:\/\/radio.uksw.edu.pl\/pl\/wp-json\/wp\/v2\/tags?post=3495"}],"curies":[{"name":"wp","href":"https:\/\/api.w.org\/{rel}","templated":true}]}}