{"id":3493,"date":"2019-11-18T00:00:00","date_gmt":"2019-11-18T00:00:00","guid":{"rendered":"http:\/\/pc-4\/uksw\/zaproszenie-na-praktyki\/"},"modified":"2022-12-21T07:55:41","modified_gmt":"2022-12-21T06:55:41","slug":"zaproszenie-na-praktyki","status":"publish","type":"post","link":"https:\/\/radio.uksw.edu.pl\/zaproszenie-na-praktyki\/","title":{"rendered":"Zaproszenie na praktyki"},"content":{"rendered":"<h4>Instytut Sobieskiego to czo\u0142owy polski think-tank za\u0142o\u017cony w 2005 roku. Poszukuje osoby, kt\u00f3ra jest otwarta na nowe wyzwania i chce zdoby\u0107 pierwsze do\u015bwiadczenie zawodowe.<\/h4>\n<p>Misj\u0105 Instytutu jest proponowanie rozwi\u0105za\u0144, kt\u00f3re pozwol\u0105 Polsce sta\u0107 si\u0119 silnym i sprawnym pa\u0144stwem, kt\u00f3re gwarantuj\u0105 swobod\u0119 gospodarcz\u0105 oraz zapewniaj\u0105 zachowanie r\u00f3wnowagi pomi\u0119dzy wolno\u015bci\u0105 oraz odpowiedzialno\u015bci\u0105 obywatelsk\u0105. Oferujemy udzia\u0142 w ambitnych i innowacyjnych projektach realizowanych we wsp\u00f3\u0142pracy z uznanymi ekspertami. Publikacja ekspertyz odb\u0119dzie si\u0119 na Gie\u0142dzie Papier\u00f3w Warto\u015bciowych w Warszawie.<\/p>\n<p>Obecnie pracujemy nad publikacj\u0105 trzech raport\u00f3w dotycz\u0105cych innowacyjnych rozwi\u0105za\u0144 dla polskiej gospodarki w obszarze energii j\u0105drowej, obronno\u015bci oraz poprawy infrastruktury komunikacyjnej w miastach.<\/p>\n<p>Poszukujemy osoby, kt\u00f3ra jest otwarta na nowe wyzwania i chce zdoby\u0107 pierwsze do\u015bwiadczenie zawodowe. Je\u015bli chcesz pog\u0142\u0119bi\u0107 swoj\u0105 wiedz\u0119 nt. funkcjonowania trzeciego sektora w Polsce, a w przysz\u0142o\u015bci zastanawiasz si\u0119 nad prac\u0105 w charakterze analityka\/eksperta \u2013 to jest to oferta w\u0142a\u015bnie dla Ciebie!<\/p>\n<p>Do\u0142\u0105cz do nas! Wy\u015blij swoje zg\u0142oszenie na adres: <span id=\"cloak7f7619c12f2c98b86ad74b3f0f952752\"><a href=\"mailto:sobieski@sobieski.org.pl\">sobieski@sobieski.org.pl<\/a><\/span>.<\/p>\n<p>Do\u015bwiadczenie zawodowe nie jest wymagane. Elastyczna liczba godzin. Praktyka jest bezp\u0142atna.<\/p>\n","protected":false},"excerpt":{"rendered":"<p>Instytut Sobieskiego to czo\u0142owy polski think-tank za\u0142o\u017cony w 2005 roku. Poszukuje osoby, kt\u00f3ra jest otwarta na nowe wyzwania i chce zdoby\u0107 pierwsze do\u015bwiadczenie zawodowe. Misj\u0105 Instytutu jest proponowanie rozwi\u0105za\u0144, kt\u00f3re pozwol\u0105 Polsce sta\u0107 si\u0119 silnym i sprawnym pa\u0144stwem, kt\u00f3re gwarantuj\u0105 swobod\u0119 gospodarcz\u0105 oraz zapewniaj\u0105 zachowanie r\u00f3wnowagi pomi\u0119dzy wolno\u015bci\u0105 oraz odpowiedzialno\u015bci\u0105 obywatelsk\u0105. Oferujemy udzia\u0142 w ambitnych [&hellip;]<\/p>\n","protected":false},"author":7,"featured_media":5713,"comment_status":"open","ping_status":"closed","sticky":false,"template":"","format":"standard","meta":{"_acf_changed":false,"inline_featured_image":false,"footnotes":"","_links_to":"","_links_to_target":""},"categories":[12],"tags":[],"class_list":["post-3493","post","type-post","status-publish","format-standard","has-post-thumbnail","hentry","category-kultura"],"acf":[],"_links":{"self":[{"href":"https:\/\/radio.uksw.edu.pl\/pl\/wp-json\/wp\/v2\/posts\/3493","targetHints":{"allow":["GET"]}}],"collection":[{"href":"https:\/\/radio.uksw.edu.pl\/pl\/wp-json\/wp\/v2\/posts"}],"about":[{"href":"https:\/\/radio.uksw.edu.pl\/pl\/wp-json\/wp\/v2\/types\/post"}],"author":[{"embeddable":true,"href":"https:\/\/radio.uksw.edu.pl\/pl\/wp-json\/wp\/v2\/users\/7"}],"replies":[{"embeddable":true,"href":"https:\/\/radio.uksw.edu.pl\/pl\/wp-json\/wp\/v2\/comments?post=3493"}],"version-history":[{"count":1,"href":"https:\/\/radio.uksw.edu.pl\/pl\/wp-json\/wp\/v2\/posts\/3493\/revisions"}],"predecessor-version":[{"id":5578,"href":"https:\/\/radio.uksw.edu.pl\/pl\/wp-json\/wp\/v2\/posts\/3493\/revisions\/5578"}],"wp:featuredmedia":[{"embeddable":true,"href":"https:\/\/radio.uksw.edu.pl\/pl\/wp-json\/wp\/v2\/media\/5713"}],"wp:attachment":[{"href":"https:\/\/radio.uksw.edu.pl\/pl\/wp-json\/wp\/v2\/media?parent=3493"}],"wp:term":[{"taxonomy":"category","embeddable":true,"href":"https:\/\/radio.uksw.edu.pl\/pl\/wp-json\/wp\/v2\/categories?post=3493"},{"taxonomy":"post_tag","embeddable":true,"href":"https:\/\/radio.uksw.edu.pl\/pl\/wp-json\/wp\/v2\/tags?post=3493"}],"curies":[{"name":"wp","href":"https:\/\/api.w.org\/{rel}","templated":true}]}}