{"id":3488,"date":"2019-11-13T00:00:00","date_gmt":"2019-11-13T00:00:00","guid":{"rendered":"http:\/\/pc-4\/uksw\/nauka-w-walce-o-klimat\/"},"modified":"2022-12-21T08:03:51","modified_gmt":"2022-12-21T07:03:51","slug":"nauka-w-walce-o-klimat","status":"publish","type":"post","link":"https:\/\/radio.uksw.edu.pl\/nauka-w-walce-o-klimat\/","title":{"rendered":"Nauka w walce o klimat"},"content":{"rendered":"<h4>Instytut Geofizyki PAN zaprasza na wyk\u0142ad otwarty prof. dr hab. Paw\u0142a Rowi\u0144skiego, hydrologa i hydrodynamika, wiceprezesa Polskiej Akademii Nauk pt. &#8222;P\u00f3\u0142tora stopnia. Nauka w walce o klimat&#8221;.<\/h4>\n<div>\n<div data-marker=\"__QUOTED_TEXT__\">\n<div>\n<div>Ju\u017c 99% naukowc\u00f3w zgadza si\u0119, \u017ce mamy do czynienia ze zmianami klimatu, za kt\u00f3re w du\u017cej mierze odpowiada cz\u0142owiek. Zmiany klimatu ju\u017c dzi\u015b wp\u0142ywaj\u0105 na ludzi, ekosystemy i \u017ar\u00f3d\u0142a utrzymania na ca\u0142ym \u015bwiecie. Je\u015bli chodzi o ryzyko zwi\u0105zane z klimatem, korzy\u015bci wynikaj\u0105ce z utrzymania ocieplenia na poziomie 1,5\u00b0C \u2013 w por\u00f3wnaniu z 2\u00b0C lub wi\u0119cej \u2013 s\u0105 jasne.<\/div>\n<div><\/div>\n<div>\n<p><img decoding=\"async\" class=\"alignleft\" src=\"https:\/\/uksw.edu.pl\/images\/konferencje\/wyklad_klimat2.png\" alt=\"wyklad klimat2\" width=\"290\" height=\"410\"><\/p>\n<p>Czy to wystarczy, by Ziemia pozosta\u0142a przyjaznym miejscem do \u017cycia w warunkach, kt\u00f3re pozwoli\u0142y na rozw\u00f3j naszej cywilizacji? Czy ograniczenie ocieplenia jest mo\u017cliwe? Czy mo\u017ce i\u015b\u0107 w parze z osi\u0105ganiem innych \u015bwiatowych cel\u00f3w, takich jak rozw\u00f3j ekonomiczny i eliminacja ub\u00f3stwa? Czy b\u0119dziemy boryka\u0107 si\u0119 z powodziami, a mo\u017ce woda stanie si\u0119 dobrem luksusowym? Dlaczego Arktyka ociepla si\u0119 szybciej ni\u017c inne rejony globu? Jakie zmiany obserwujemy ju\u017c teraz, w jaki spos\u00f3b prognozujemy przysz\u0142e warunki klimatyczne?<\/p>\n<p>Jak m\u00f3wi Val\u00e9rie Masson-Delmotte, wsp\u00f3\u0142przewodnicz\u0105ca Mi\u0119dzyrz\u0105dowego Zespo\u0142u ds. Zmian Klimatu (IPCC): &#8222;<em>Ka\u017cde p\u00f3\u0142 stopnia ma znaczenie. Ka\u017cdy rok ma znaczenie. Ka\u017cdy wyb\u00f3r ma znaczenie.&#8221;<\/em><\/p>\n<\/div>\n<p>Wyk\u0142ad b\u0119dzie jednocze\u015bnie inauguracj\u0105 projektu <a href=\"https:\/\/igf.edu.pl\/wydarzenia.php?news_id=275\" rel=\"noopener\">EDU- ARCTIC.PL<\/a>, w ramach kt\u00f3rego zostan\u0105 przedstawione osi\u0105gni\u0119cia polskiej nauki, w szczeg\u00f3lno\u015bci badania polarne, zaprezentowane zostan\u0105 aktualne globalne wyzwania, kluczowe zjawiska, najnowsze odkrycia i osi\u0105gni\u0119cia.<\/p>\n<\/div>\n<div>\n<p>Wyk\u0142ad odb\u0119dzie si\u0119<strong> 21 listopada<\/strong> o godzinie 17:00 w <strong>Instytucie Geofizyki PAN<\/strong>, ul. ks. Janusza 64 (sala 213). Zostanie on r\u00f3wnie\u017c powt\u00f3rzony w formie webinarium 26 listopada o 16:00<\/p>\n<p><a href=\"https:\/\/instituteofgeophysicspolishacademyofsciences.my.webex.com\/instituteofgeophysicspolishacademyofsciences.my\/j.php?MTID=m70b15f911cc86fa5c0bb7d2e79f2e151\">LINK<\/a><\/p>\n<p>HAS\u0141O: KLIMAT<\/p>\n<\/div>\n<\/div>\n<\/div>\n","protected":false},"excerpt":{"rendered":"<p>Instytut Geofizyki PAN zaprasza na wyk\u0142ad otwarty prof. dr hab. Paw\u0142a Rowi\u0144skiego, hydrologa i hydrodynamika, wiceprezesa Polskiej Akademii Nauk pt. &#8222;P\u00f3\u0142tora stopnia. Nauka w walce o klimat&#8221;. Ju\u017c 99% naukowc\u00f3w zgadza si\u0119, \u017ce mamy do czynienia ze zmianami klimatu, za kt\u00f3re w du\u017cej mierze odpowiada cz\u0142owiek. Zmiany klimatu ju\u017c dzi\u015b wp\u0142ywaj\u0105 na ludzi, ekosystemy i [&hellip;]<\/p>\n","protected":false},"author":7,"featured_media":5720,"comment_status":"open","ping_status":"closed","sticky":false,"template":"","format":"standard","meta":{"_acf_changed":false,"inline_featured_image":false,"footnotes":"","_links_to":"","_links_to_target":""},"categories":[12],"tags":[],"class_list":["post-3488","post","type-post","status-publish","format-standard","has-post-thumbnail","hentry","category-kultura"],"acf":[],"_links":{"self":[{"href":"https:\/\/radio.uksw.edu.pl\/pl\/wp-json\/wp\/v2\/posts\/3488","targetHints":{"allow":["GET"]}}],"collection":[{"href":"https:\/\/radio.uksw.edu.pl\/pl\/wp-json\/wp\/v2\/posts"}],"about":[{"href":"https:\/\/radio.uksw.edu.pl\/pl\/wp-json\/wp\/v2\/types\/post"}],"author":[{"embeddable":true,"href":"https:\/\/radio.uksw.edu.pl\/pl\/wp-json\/wp\/v2\/users\/7"}],"replies":[{"embeddable":true,"href":"https:\/\/radio.uksw.edu.pl\/pl\/wp-json\/wp\/v2\/comments?post=3488"}],"version-history":[{"count":2,"href":"https:\/\/radio.uksw.edu.pl\/pl\/wp-json\/wp\/v2\/posts\/3488\/revisions"}],"predecessor-version":[{"id":5721,"href":"https:\/\/radio.uksw.edu.pl\/pl\/wp-json\/wp\/v2\/posts\/3488\/revisions\/5721"}],"wp:featuredmedia":[{"embeddable":true,"href":"https:\/\/radio.uksw.edu.pl\/pl\/wp-json\/wp\/v2\/media\/5720"}],"wp:attachment":[{"href":"https:\/\/radio.uksw.edu.pl\/pl\/wp-json\/wp\/v2\/media?parent=3488"}],"wp:term":[{"taxonomy":"category","embeddable":true,"href":"https:\/\/radio.uksw.edu.pl\/pl\/wp-json\/wp\/v2\/categories?post=3488"},{"taxonomy":"post_tag","embeddable":true,"href":"https:\/\/radio.uksw.edu.pl\/pl\/wp-json\/wp\/v2\/tags?post=3488"}],"curies":[{"name":"wp","href":"https:\/\/api.w.org\/{rel}","templated":true}]}}