{"id":3482,"date":"2019-11-03T00:00:00","date_gmt":"2019-11-03T00:00:00","guid":{"rendered":"http:\/\/pc-4\/uksw\/telemedycyna-na-uksw\/"},"modified":"2022-12-20T15:46:43","modified_gmt":"2022-12-20T14:46:43","slug":"telemedycyna-na-uksw","status":"publish","type":"post","link":"https:\/\/radio.uksw.edu.pl\/telemedycyna-na-uksw\/","title":{"rendered":"Telemedycyna na UKSW"},"content":{"rendered":"<h4>Konferencja prasowa odb\u0119dzie si\u0119 4 listopada o godz. 10:00 w Sali Senackiej na kampusie UKSW przy ul. Dewajtis 5.<\/h4>\n<p>Badania struktur oka z u\u017cyciem najnowocze\u015bniejszego sprz\u0119tu oraz sztuczna inteligencja mog\u0105 sta\u0107 si\u0119 szans\u0105 na wczesne wykrycie wielu chor\u00f3b. Szybko, bezbole\u015bnie a na dodatek z natychmiastow\u0105 wizyt\u0105 u specjalisty \u2013 takie korzy\u015bci dla pacjent\u00f3w stwarza telemedycyna.<\/p>\n<p>O nowym projekcie z udzia\u0142em UKSW m\u00f3wi\u0107 b\u0119d\u0105:<\/p>\n<ul>\n<li>Prof. Marek R\u0119kas, krajowy konsultant ds. okulistyki<\/li>\n<li>Prof. Robert Rejdak, kierownik Kliniki Okulistyki UM w Lublinie<\/li>\n<li>Prof. Marek Niezg\u00f3dka, dyrektor CNT UKSW<\/li>\n<li>Bp Artur Mizi\u0144ski, Sekretarz Generalny Konferencji Episkopatu Polski<\/li>\n<li>Ks. prof. Stanis\u0142aw Dzieko\u0144ski, rektor UKSW w Warszawie<\/li>\n<li>Udzia\u0142 w konferencji zapowiedzia\u0142 tak\u017ce Wiceminister Zdrowia \u2013 pan Maciej Mi\u0142kowski.<\/li>\n<\/ul>\n<p><strong>Go\u015bciem specjalnym konferencji b\u0119dzie Prof. Marco Zarbin z Rutgers University w New Jersey.<\/strong><\/p>\n","protected":false},"excerpt":{"rendered":"<p>Konferencja prasowa odb\u0119dzie si\u0119 4 listopada o godz. 10:00 w Sali Senackiej na kampusie UKSW przy ul. Dewajtis 5. Badania struktur oka z u\u017cyciem najnowocze\u015bniejszego sprz\u0119tu oraz sztuczna inteligencja mog\u0105 sta\u0107 si\u0119 szans\u0105 na wczesne wykrycie wielu chor\u00f3b. Szybko, bezbole\u015bnie a na dodatek z natychmiastow\u0105 wizyt\u0105 u specjalisty \u2013 takie korzy\u015bci dla pacjent\u00f3w stwarza telemedycyna. [&hellip;]<\/p>\n","protected":false},"author":7,"featured_media":2534,"comment_status":"open","ping_status":"closed","sticky":false,"template":"","format":"standard","meta":{"_acf_changed":false,"inline_featured_image":false,"footnotes":"","_links_to":"","_links_to_target":""},"categories":[25],"tags":[],"class_list":["post-3482","post","type-post","status-publish","format-standard","has-post-thumbnail","hentry","category-wiadomoaci"],"acf":[],"_links":{"self":[{"href":"https:\/\/radio.uksw.edu.pl\/pl\/wp-json\/wp\/v2\/posts\/3482","targetHints":{"allow":["GET"]}}],"collection":[{"href":"https:\/\/radio.uksw.edu.pl\/pl\/wp-json\/wp\/v2\/posts"}],"about":[{"href":"https:\/\/radio.uksw.edu.pl\/pl\/wp-json\/wp\/v2\/types\/post"}],"author":[{"embeddable":true,"href":"https:\/\/radio.uksw.edu.pl\/pl\/wp-json\/wp\/v2\/users\/7"}],"replies":[{"embeddable":true,"href":"https:\/\/radio.uksw.edu.pl\/pl\/wp-json\/wp\/v2\/comments?post=3482"}],"version-history":[{"count":1,"href":"https:\/\/radio.uksw.edu.pl\/pl\/wp-json\/wp\/v2\/posts\/3482\/revisions"}],"predecessor-version":[{"id":5574,"href":"https:\/\/radio.uksw.edu.pl\/pl\/wp-json\/wp\/v2\/posts\/3482\/revisions\/5574"}],"wp:featuredmedia":[{"embeddable":true,"href":"https:\/\/radio.uksw.edu.pl\/pl\/wp-json\/"}],"wp:attachment":[{"href":"https:\/\/radio.uksw.edu.pl\/pl\/wp-json\/wp\/v2\/media?parent=3482"}],"wp:term":[{"taxonomy":"category","embeddable":true,"href":"https:\/\/radio.uksw.edu.pl\/pl\/wp-json\/wp\/v2\/categories?post=3482"},{"taxonomy":"post_tag","embeddable":true,"href":"https:\/\/radio.uksw.edu.pl\/pl\/wp-json\/wp\/v2\/tags?post=3482"}],"curies":[{"name":"wp","href":"https:\/\/api.w.org\/{rel}","templated":true}]}}