{"id":3481,"date":"2019-11-04T00:00:00","date_gmt":"2019-11-04T00:00:00","guid":{"rendered":"http:\/\/pc-4\/uksw\/promujemy-naszych-naukowcow\/"},"modified":"2022-12-20T15:46:43","modified_gmt":"2022-12-20T14:46:43","slug":"promujemy-naszych-naukowcow","status":"publish","type":"post","link":"https:\/\/radio.uksw.edu.pl\/promujemy-naszych-naukowcow\/","title":{"rendered":"Promujemy naszych naukowc\u00f3w"},"content":{"rendered":"<h4>Kontakt z naukowcami i przedsi\u0119biorcami, prezentacja dorobku w j\u0119zyku polskim i angielskim &#8211; od kilku miesi\u0119cy dzia\u0142a platforma upowszechniaj\u0105ca dzia\u0142alno\u015b\u0107 naukowc\u00f3w naszego Uniwersytetu.<\/h4>\n<p>Platforma Science2Business powsta\u0142a we wsp\u00f3\u0142pracy z naukowcami i przedsi\u0119biorcami z my\u015bl\u0105 o \u015bcis\u0142ej wsp\u00f3\u0142pracy \u015bwiata nauki i biznesu. Na platformie Science2Business mo\u017cna znale\u017a\u0107 wizyt\u00f3wki naukowe oraz projekty pracownik\u00f3w Uniwersytetu Kardyna\u0142a Stefana Wyszy\u0144skiego w Warszawie. Science2Business to r\u00f3wnie\u017c skuteczne narz\u0119dzie do nawi\u0105zywania relacji: naukowych, biznesowych i tw\u00f3rczych. Naukowcy lub zespo\u0142y naukowe, obszary wsp\u00f3\u0142pracy, bada\u0144, tagi, aplikacja mobilna, filmy &#8211; wszystkie te elementy s\u0105 integraln\u0105 cz\u0119\u015bci\u0105 projektu Science2Business i jednocze\u015bnie skutecznym narz\u0119dziem promocji dzia\u0142alno\u015bci naukowc\u00f3w oraz ca\u0142ego Uniwersytetu.<\/p>\n<p><img decoding=\"async\" class=\"aligncenter\" src=\"https:\/\/uksw.edu.pl\/images\/s2b.jpg\" alt=\"s2b.jpg\" \/><\/p>\n<p><strong><a href=\"https:\/\/science2business.edu.pl\/\" rel=\"noopener\">Zobacz platform\u0119<\/a><\/strong><\/p>\n<p><strong><a href=\"https:\/\/science2business.edu.pl\/portfolio-naukowe\/\" rel=\"noopener\">Portfolia naukowe<\/a><\/strong><\/p>\n<p><strong><a href=\"https:\/\/science2business.edu.pl\/case-studies\/\">Projekty pracownik\u00f3w UKSW<\/a><\/strong><\/p>\n<p><em>Science2Business \u2013 zadanie finansowane w ramach umowy 933\/DUN\/2018 ze \u015brodk\u00f3w Ministerstwa Nauki i Szkolnictwa Wy\u017cszego na dzia\u0142alno\u015b\u0107 upowszechniaj\u0105c\u0105 nauk\u0119.<\/em><\/p>\n<p>Naukowc\u00f3w, kt\u00f3rzy chc\u0105, aby ich profil naukowy oraz projekty znalaz\u0142y si\u0119 na platformie, prosimy o kontakt z Zespo\u0142em Zarz\u0105dzaj\u0105cym projektem:\u00a0<span id=\"cloak85bb0119f9c48946cd461bde15ae8187\"><\/span><a href=\"mailto:kontakt@science2business.edu.pl\">kontakt@science2business.edu.pl<\/a><\/p>\n","protected":false},"excerpt":{"rendered":"<p>Kontakt z naukowcami i przedsi\u0119biorcami, prezentacja dorobku w j\u0119zyku polskim i angielskim &#8211; od kilku miesi\u0119cy dzia\u0142a platforma upowszechniaj\u0105ca dzia\u0142alno\u015b\u0107 naukowc\u00f3w naszego Uniwersytetu. Platforma Science2Business powsta\u0142a we wsp\u00f3\u0142pracy z naukowcami i przedsi\u0119biorcami z my\u015bl\u0105 o \u015bcis\u0142ej wsp\u00f3\u0142pracy \u015bwiata nauki i biznesu. Na platformie Science2Business mo\u017cna znale\u017a\u0107 wizyt\u00f3wki naukowe oraz projekty pracownik\u00f3w Uniwersytetu Kardyna\u0142a Stefana Wyszy\u0144skiego [&hellip;]<\/p>\n","protected":false},"author":7,"featured_media":2532,"comment_status":"open","ping_status":"closed","sticky":false,"template":"","format":"standard","meta":{"_acf_changed":false,"inline_featured_image":false,"footnotes":"","_links_to":"","_links_to_target":""},"categories":[25],"tags":[],"class_list":["post-3481","post","type-post","status-publish","format-standard","has-post-thumbnail","hentry","category-wiadomoaci"],"acf":[],"_links":{"self":[{"href":"https:\/\/radio.uksw.edu.pl\/pl\/wp-json\/wp\/v2\/posts\/3481","targetHints":{"allow":["GET"]}}],"collection":[{"href":"https:\/\/radio.uksw.edu.pl\/pl\/wp-json\/wp\/v2\/posts"}],"about":[{"href":"https:\/\/radio.uksw.edu.pl\/pl\/wp-json\/wp\/v2\/types\/post"}],"author":[{"embeddable":true,"href":"https:\/\/radio.uksw.edu.pl\/pl\/wp-json\/wp\/v2\/users\/7"}],"replies":[{"embeddable":true,"href":"https:\/\/radio.uksw.edu.pl\/pl\/wp-json\/wp\/v2\/comments?post=3481"}],"version-history":[{"count":1,"href":"https:\/\/radio.uksw.edu.pl\/pl\/wp-json\/wp\/v2\/posts\/3481\/revisions"}],"predecessor-version":[{"id":5573,"href":"https:\/\/radio.uksw.edu.pl\/pl\/wp-json\/wp\/v2\/posts\/3481\/revisions\/5573"}],"wp:featuredmedia":[{"embeddable":true,"href":"https:\/\/radio.uksw.edu.pl\/pl\/wp-json\/"}],"wp:attachment":[{"href":"https:\/\/radio.uksw.edu.pl\/pl\/wp-json\/wp\/v2\/media?parent=3481"}],"wp:term":[{"taxonomy":"category","embeddable":true,"href":"https:\/\/radio.uksw.edu.pl\/pl\/wp-json\/wp\/v2\/categories?post=3481"},{"taxonomy":"post_tag","embeddable":true,"href":"https:\/\/radio.uksw.edu.pl\/pl\/wp-json\/wp\/v2\/tags?post=3481"}],"curies":[{"name":"wp","href":"https:\/\/api.w.org\/{rel}","templated":true}]}}