{"id":3480,"date":"2019-11-03T00:00:00","date_gmt":"2019-11-03T00:00:00","guid":{"rendered":"http:\/\/pc-4\/uksw\/najcenniejszy-material-swiata-na-uksw\/"},"modified":"2022-12-20T15:37:54","modified_gmt":"2022-12-20T14:37:54","slug":"najcenniejszy-material-swiata-na-uksw","status":"publish","type":"post","link":"https:\/\/radio.uksw.edu.pl\/najcenniejszy-material-swiata-na-uksw\/","title":{"rendered":"Najcenniejszy materia\u0142 \u015bwiata na UKSW"},"content":{"rendered":"<h4>Podczas konferencji &#8222;Szlachetne Nici&#8221; poznali\u015bmy pochodzenie wielu cennych materia\u0142\u00f3w, a o najcenniejszym na \u015bwiecie &#8211; bisiorze opowiedzia\u0142a Chiara Vigo, kt\u00f3ra za jego pomoc\u0105 tworzy niezwyk\u0142e dzie\u0142a.<\/h4>\n<p><img decoding=\"async\" class=\"alignleft\" src=\"https:\/\/uksw.edu.pl\/images\/konferencje\/20191015UKSW_002.jpg\" alt=\"20191015UKSW 002\" width=\"377\" height=\"252\" \/><\/p>\n<p>Spotkanie rozpocz\u0119\u0142o si\u0119 od s\u0142owa wst\u0119pnego Rektora UKSW, ks. prof. Stanis\u0142awa Dzieko\u0144skiego. Podczas pierwszego panelu przedstawiona zosta\u0142a historia i pochodzenie cennych w\u0142\u00f3kien, u\u017cywanych od czas\u00f3w staro\u017cytnych. Swoj\u0105 prezentacj\u0119 wyg\u0142osi\u0142a prof. Ma\u0142gorzata Wrze\u015bniak z Wydzia\u0142u Nauk Humanistycznych UKSW. O w\u0142a\u015bciwo\u015bciach i pochodzeniu cennego bisioru opowiada\u0142a prof. Ma\u0142gorzata Biniecka- Popoli.<\/p>\n<p>\u00a0<\/p>\n<blockquote><p><img decoding=\"async\" class=\"alignright\" src=\"https:\/\/uksw.edu.pl\/images\/konferencje\/20191015UKSW_036.jpg\" alt=\"20191015UKSW 036\" width=\"377\" height=\"252\" \/><\/p>\n<p><em>Bisior pozyskiwany jest z wydzieliny ma\u0142\u017cy Pinna Nobilis, kt\u00f3rej rozmiary osi\u0105gaj\u0105 od 50 do nawet 100 cm d\u0142ugo\u015bci. Jest niezwykle trwa\u0142y, rozci\u0105gliwy i posiada w\u0142a\u015bciwo\u015bci przepuszczaj\u0105ce \u015bwiat\u0142o (pod <\/em><em>jego wp\u0142ywem z barwy br\u0105zowej zmienia si\u0119 w z\u0142ot\u0105). Nie rozpuszcza si\u0119 w wodzie, nie dzia\u0142aj\u0105 na niego s\u0142abe kwasy i zasady. Na nici Bisioru nie dzia\u0142aj\u0105 pigmenty pochodzenia syntetycznego, mo\u017cna go zabarwi\u0107 jedynie naturalnymi barwnikami. Jego w\u0142\u00f3kna pod wp\u0142ywem wysokiej temperatury topi\u0105 si\u0119 i zw\u0119glaj\u0105. Welon z Manopello o jeden z najbardziej znanych przyk\u0142ad\u00f3w tkaniny wykonanej w stu procentach z bisioru. Do wyprodukowania 200 gram\u00f3w w\u0142\u00f3kien nale\u017cy otrzyma\u0107 wydzielin\u0119 z ponad 1000 ma\u0142\u017cy \u2013 <\/em>zaznaczy\u0142a prof. Biniecka- Popoli.<\/p><\/blockquote>\n<p>\u00a0<\/p>\n<p><img decoding=\"async\" class=\"alignleft\" src=\"https:\/\/uksw.edu.pl\/images\/konferencje\/20191015UKSW_011.jpg\" alt=\"20191015UKSW 011\" width=\"377\" height=\"252\" \/><\/p>\n<p>Pochodz\u0105ca z wyspy Sant&#8217;Antioco we W\u0142oszech Chiara Vigo, kt\u00f3ra podczas uroczystej inauguracji roku akademickiego 2019\/2020 wr\u0119czy\u0142a wyhaftowane bisiorem god\u0142o UKSW, przedstawi\u0142a informacje o zwi\u0105zanym z nim tradycjach. <em>God\u0142o Uniwersytetu zosta\u0142o stworzone z bisioru pozyskanego w 1928 roku przez moj\u0105 babci\u0119. Jest to egzemplarz niepowtarzalny, nie da si\u0119 wyprodukowa\u0107 niczego podobnego, materia\u0142 ten absolutnie nie jest na sprzeda\u017c (\u2026) Do pracy z bisiorem wykorzystuj\u0119 antyczne tradycje tkackie, przy kt\u00f3rych nie korzysta si\u0119 z krosen, ale u\u017cywa tylko drewna \u2013 <\/em>podkre\u015bli\u0142a Chiara Vigo.<\/p>\n<p>Bisior znany by\u0142 ju\u017c w staro\u017cytnym Egipcie, do Rzymu za\u015b przyby\u0142 z miasta Scytopolis. Pierwsza kobieta, kt\u00f3ra mia\u0142a kontakt z tym niezwyk\u0142ym materia\u0142em tzw. \u201ekobieta z wody\u201d to Julia Berenika z Cicilii, kt\u00f3ra przekaza\u0142a sztuk\u0119 tkania bisioru z Sulcis. Od tamtego czasu tradycja tkania przechodzi z pokolenia na pokolenie. W Starym Testamencie znajduje si\u0119 45 wzmianek o bisiorze, a wykonane z niego szaty nosi\u0142 sam kr\u00f3l Salomon. Bisior od pocz\u0105tku istnienia kojarzony by\u0142 ze sfer\u0105 sacrum, kontemplacj\u0105 i modlitw\u0105.<\/p>\n<p>\u00a0<\/p>\n<p><img decoding=\"async\" class=\"alignright\" src=\"https:\/\/uksw.edu.pl\/images\/konferencje\/20191015UKSW_054.jpg\" alt=\"20191015UKSW 054\" width=\"377\" height=\"252\" \/><\/p>\n<p>Uczestnicy konferencji mogli w spos\u00f3b namacalny dowiedzie\u0107 si\u0119 o w\u0142a\u015bciwo\u015bciach bisioru: na ka\u017cdym etapie tworzenia nici przez Chiar\u0119 mieli mo\u017cliwo\u015b\u0107 dotkni\u0119cia materia\u0142u &#8211; od surowca, a\u017c po elastyczne w\u0142\u00f3kno. Organizatorem konferencji by\u0142a Katedra Muzeologii na Wydziale Nauk Humanistycznych UKSW.<\/p>\n<p>\u00a0<\/p>\n<p>\u00a0<\/p>\n<p>\u00a0<\/p>\n","protected":false},"excerpt":{"rendered":"<p>Podczas konferencji &#8222;Szlachetne Nici&#8221; poznali\u015bmy pochodzenie wielu cennych materia\u0142\u00f3w, a o najcenniejszym na \u015bwiecie &#8211; bisiorze opowiedzia\u0142a Chiara Vigo, kt\u00f3ra za jego pomoc\u0105 tworzy niezwyk\u0142e dzie\u0142a. Spotkanie rozpocz\u0119\u0142o si\u0119 od s\u0142owa wst\u0119pnego Rektora UKSW, ks. prof. Stanis\u0142awa Dzieko\u0144skiego. Podczas pierwszego panelu przedstawiona zosta\u0142a historia i pochodzenie cennych w\u0142\u00f3kien, u\u017cywanych od czas\u00f3w staro\u017cytnych. Swoj\u0105 prezentacj\u0119 wyg\u0142osi\u0142a [&hellip;]<\/p>\n","protected":false},"author":7,"featured_media":2530,"comment_status":"open","ping_status":"closed","sticky":false,"template":"","format":"standard","meta":{"_acf_changed":false,"inline_featured_image":false,"footnotes":"","_links_to":"","_links_to_target":""},"categories":[12],"tags":[],"class_list":["post-3480","post","type-post","status-publish","format-standard","has-post-thumbnail","hentry","category-kultura"],"acf":[],"_links":{"self":[{"href":"https:\/\/radio.uksw.edu.pl\/pl\/wp-json\/wp\/v2\/posts\/3480","targetHints":{"allow":["GET"]}}],"collection":[{"href":"https:\/\/radio.uksw.edu.pl\/pl\/wp-json\/wp\/v2\/posts"}],"about":[{"href":"https:\/\/radio.uksw.edu.pl\/pl\/wp-json\/wp\/v2\/types\/post"}],"author":[{"embeddable":true,"href":"https:\/\/radio.uksw.edu.pl\/pl\/wp-json\/wp\/v2\/users\/7"}],"replies":[{"embeddable":true,"href":"https:\/\/radio.uksw.edu.pl\/pl\/wp-json\/wp\/v2\/comments?post=3480"}],"version-history":[{"count":1,"href":"https:\/\/radio.uksw.edu.pl\/pl\/wp-json\/wp\/v2\/posts\/3480\/revisions"}],"predecessor-version":[{"id":5372,"href":"https:\/\/radio.uksw.edu.pl\/pl\/wp-json\/wp\/v2\/posts\/3480\/revisions\/5372"}],"wp:featuredmedia":[{"embeddable":true,"href":"https:\/\/radio.uksw.edu.pl\/pl\/wp-json\/"}],"wp:attachment":[{"href":"https:\/\/radio.uksw.edu.pl\/pl\/wp-json\/wp\/v2\/media?parent=3480"}],"wp:term":[{"taxonomy":"category","embeddable":true,"href":"https:\/\/radio.uksw.edu.pl\/pl\/wp-json\/wp\/v2\/categories?post=3480"},{"taxonomy":"post_tag","embeddable":true,"href":"https:\/\/radio.uksw.edu.pl\/pl\/wp-json\/wp\/v2\/tags?post=3480"}],"curies":[{"name":"wp","href":"https:\/\/api.w.org\/{rel}","templated":true}]}}