{"id":3472,"date":"2019-09-23T00:00:00","date_gmt":"2019-09-23T00:00:00","guid":{"rendered":"http:\/\/pc-4\/uksw\/rodzina-i-prawa-dziecka\/"},"modified":"2022-12-20T15:45:47","modified_gmt":"2022-12-20T14:45:47","slug":"rodzina-i-prawa-dziecka","status":"publish","type":"post","link":"https:\/\/radio.uksw.edu.pl\/rodzina-i-prawa-dziecka\/","title":{"rendered":"Rodzina i prawa dziecka"},"content":{"rendered":"<h4>WSR UKSW zaprasza na mi\u0119dzynarodow\u0105 konferencj\u0119 naukow\u0105 w 30. rocznic\u0119 przyj\u0119cia przez Polsk\u0119 Konwencji o Prawach Dziecka. Konferencja odb\u0119dzie si\u0119 26 wrze\u015bnia w Auli Shumana przy ul. W\u00f3ycickiego 1\/3.<\/h4>\n<p>Wydzia\u0142 Studi\u00f3w nad Rodzin\u0105 UKSW oraz Instytut na Rzecz Kultury Prawnej &#8222;Ordo Iuris&#8221; zapraszaj\u0105 na konferencj\u0119 &#8222;<em>Rodzina a prawa dziecka i ich ochrona w 30-lecie przyj\u0119cia Konwencji Praw Dziecka<\/em>&#8222;.<\/p>\n<p>Rok 2019 ma\u00a0szczeg\u00f3lne znaczenie dla dyskusji dotycz\u0105cej praw dziecka. Dok\u0142adnie bowiem trzydzie\u015bci lat temu Zgromadzenie Og\u00f3lne Organizacji Narod\u00f3w Zjednoczonych przyj\u0119\u0142o <i>Konwencj\u0119 o Prawach Dziecka<\/i>. Celem konferencji jest pog\u0142\u0119biona refleksja na temat funkcjonowania dokumentu oraz zastanowienie si\u0119 nad aktualnymi problemami, dylematami oraz wyzwaniami na przysz\u0142o\u015b\u0107.<\/p>\n<p><strong>Program i szczeg\u00f3\u0142owe informacje s\u0105 dost\u0119pne na stronie <a href=\"https:\/\/prawadziecka.ordoiuris.pl\/\">https:\/\/prawadziecka.ordoiuris.pl\/<\/a><\/strong><\/p>\n<p>Uczestnictwo w konferencji jest <strong>bezp\u0142atne<\/strong>, a rejestracja prowadzona jest <strong>do 23 wrze\u015bnia<\/strong> przez formularz zmieszczony na stronie internetowej: <a href=\"https:\/\/prawadziecka.ordoiuris.pl\/\">https:\/\/prawadziecka.ordoiuris.pl\/<\/a><\/p>\n","protected":false},"excerpt":{"rendered":"<p>WSR UKSW zaprasza na mi\u0119dzynarodow\u0105 konferencj\u0119 naukow\u0105 w 30. rocznic\u0119 przyj\u0119cia przez Polsk\u0119 Konwencji o Prawach Dziecka. Konferencja odb\u0119dzie si\u0119 26 wrze\u015bnia w Auli Shumana przy ul. W\u00f3ycickiego 1\/3. Wydzia\u0142 Studi\u00f3w nad Rodzin\u0105 UKSW oraz Instytut na Rzecz Kultury Prawnej &#8222;Ordo Iuris&#8221; zapraszaj\u0105 na konferencj\u0119 &#8222;Rodzina a prawa dziecka i ich ochrona w 30-lecie przyj\u0119cia [&hellip;]<\/p>\n","protected":false},"author":7,"featured_media":2518,"comment_status":"open","ping_status":"closed","sticky":false,"template":"","format":"standard","meta":{"_acf_changed":false,"inline_featured_image":false,"footnotes":"","_links_to":"","_links_to_target":""},"categories":[25],"tags":[],"class_list":["post-3472","post","type-post","status-publish","format-standard","has-post-thumbnail","hentry","category-wiadomoaci"],"acf":[],"_links":{"self":[{"href":"https:\/\/radio.uksw.edu.pl\/pl\/wp-json\/wp\/v2\/posts\/3472","targetHints":{"allow":["GET"]}}],"collection":[{"href":"https:\/\/radio.uksw.edu.pl\/pl\/wp-json\/wp\/v2\/posts"}],"about":[{"href":"https:\/\/radio.uksw.edu.pl\/pl\/wp-json\/wp\/v2\/types\/post"}],"author":[{"embeddable":true,"href":"https:\/\/radio.uksw.edu.pl\/pl\/wp-json\/wp\/v2\/users\/7"}],"replies":[{"embeddable":true,"href":"https:\/\/radio.uksw.edu.pl\/pl\/wp-json\/wp\/v2\/comments?post=3472"}],"version-history":[{"count":1,"href":"https:\/\/radio.uksw.edu.pl\/pl\/wp-json\/wp\/v2\/posts\/3472\/revisions"}],"predecessor-version":[{"id":5540,"href":"https:\/\/radio.uksw.edu.pl\/pl\/wp-json\/wp\/v2\/posts\/3472\/revisions\/5540"}],"wp:featuredmedia":[{"embeddable":true,"href":"https:\/\/radio.uksw.edu.pl\/pl\/wp-json\/"}],"wp:attachment":[{"href":"https:\/\/radio.uksw.edu.pl\/pl\/wp-json\/wp\/v2\/media?parent=3472"}],"wp:term":[{"taxonomy":"category","embeddable":true,"href":"https:\/\/radio.uksw.edu.pl\/pl\/wp-json\/wp\/v2\/categories?post=3472"},{"taxonomy":"post_tag","embeddable":true,"href":"https:\/\/radio.uksw.edu.pl\/pl\/wp-json\/wp\/v2\/tags?post=3472"}],"curies":[{"name":"wp","href":"https:\/\/api.w.org\/{rel}","templated":true}]}}