{"id":3471,"date":"2019-10-02T00:00:00","date_gmt":"2019-10-02T00:00:00","guid":{"rendered":"http:\/\/pc-4\/uksw\/zaproszenie-na-sobote-akademicka\/"},"modified":"2022-12-20T15:45:47","modified_gmt":"2022-12-20T14:45:47","slug":"zaproszenie-na-sobote-akademicka","status":"publish","type":"post","link":"https:\/\/radio.uksw.edu.pl\/zaproszenie-na-sobote-akademicka\/","title":{"rendered":"Zaproszenie na Sobot\u0119 akademick\u0105"},"content":{"rendered":"<h4>5 pa\u017adziernika w Wydziale Spraw Cudzoziemc\u00f3w Mazowieckiego Urz\u0119du Wojew\u00f3dzkiego po raz kolejny odb\u0119dzie si\u0119 akcja &#8222;Sobota akademicka&#8221;, dedykowana osobom zza granicy, kt\u00f3re chc\u0105 studiowa\u0107 w Polsce.<\/h4>\n<p>Spotkanie polega\u0107 b\u0119dzie na przyjmowaniu tego dnia sk\u0142adanych wniosk\u00f3w o udzielenia zezwole\u0144 na pobyt czasowy, zwi\u0105zany ze studiowaniem w naszym kraju. Akcj\u0105 obj\u0119ci s\u0105 studenci studi\u00f3w licencjackich, magisterskich oraz doktoranckich, w trybie stacjonarnym i niestacjonarnym.<\/p>\n<p>Wi\u0119cej informacji o akcji mo\u017cna znale\u017a\u0107 na stronie <a href=\"https:\/\/mazowieckie.pl\/pl\/dla-klienta\/cudzoziemcy\/aktualnosci\/38706,SOBOTA-AKADEMICKA-05102019-r--ZLOZ-KOMPLETNY-WNIOSEK-O-ZEZWOLENIE-NA-POBYT-CZASO.html,SOBOTA-AKADEMICKA-05102019-r--ZLOZ-KOMPLETNY-WNIOSEK-O-ZEZWOLENIE-NA-POBYT-CZASO.html\">Urz\u0119du.<\/a><\/p>\n<p>Do pobrania:<\/p>\n<ul>\n<li><a href=\"https:\/\/uksw.edu.pl\/images\/studia\/sobota_akademicka_ulotka.pdf\">ulotka<\/a><\/li>\n<li><a href=\"https:\/\/uksw.edu.pl\/images\/studia\/sobota_akademicka_plakat_3_jzyki.pdf\">plakat informacyjny<\/a><\/li>\n<li><a href=\"https:\/\/uksw.edu.pl\/images\/studia\/sobota_akademicka_zasady.pdf\">zasady<\/a><\/li>\n<\/ul>\n","protected":false},"excerpt":{"rendered":"<p>5 pa\u017adziernika w Wydziale Spraw Cudzoziemc\u00f3w Mazowieckiego Urz\u0119du Wojew\u00f3dzkiego po raz kolejny odb\u0119dzie si\u0119 akcja &#8222;Sobota akademicka&#8221;, dedykowana osobom zza granicy, kt\u00f3re chc\u0105 studiowa\u0107 w Polsce. Spotkanie polega\u0107 b\u0119dzie na przyjmowaniu tego dnia sk\u0142adanych wniosk\u00f3w o udzielenia zezwole\u0144 na pobyt czasowy, zwi\u0105zany ze studiowaniem w naszym kraju. Akcj\u0105 obj\u0119ci s\u0105 studenci studi\u00f3w licencjackich, magisterskich oraz [&hellip;]<\/p>\n","protected":false},"author":7,"featured_media":2416,"comment_status":"open","ping_status":"closed","sticky":false,"template":"","format":"standard","meta":{"_acf_changed":false,"inline_featured_image":false,"footnotes":"","_links_to":"","_links_to_target":""},"categories":[25],"tags":[],"class_list":["post-3471","post","type-post","status-publish","format-standard","has-post-thumbnail","hentry","category-wiadomoaci"],"acf":[],"_links":{"self":[{"href":"https:\/\/radio.uksw.edu.pl\/pl\/wp-json\/wp\/v2\/posts\/3471","targetHints":{"allow":["GET"]}}],"collection":[{"href":"https:\/\/radio.uksw.edu.pl\/pl\/wp-json\/wp\/v2\/posts"}],"about":[{"href":"https:\/\/radio.uksw.edu.pl\/pl\/wp-json\/wp\/v2\/types\/post"}],"author":[{"embeddable":true,"href":"https:\/\/radio.uksw.edu.pl\/pl\/wp-json\/wp\/v2\/users\/7"}],"replies":[{"embeddable":true,"href":"https:\/\/radio.uksw.edu.pl\/pl\/wp-json\/wp\/v2\/comments?post=3471"}],"version-history":[{"count":1,"href":"https:\/\/radio.uksw.edu.pl\/pl\/wp-json\/wp\/v2\/posts\/3471\/revisions"}],"predecessor-version":[{"id":5539,"href":"https:\/\/radio.uksw.edu.pl\/pl\/wp-json\/wp\/v2\/posts\/3471\/revisions\/5539"}],"wp:featuredmedia":[{"embeddable":true,"href":"https:\/\/radio.uksw.edu.pl\/pl\/wp-json\/"}],"wp:attachment":[{"href":"https:\/\/radio.uksw.edu.pl\/pl\/wp-json\/wp\/v2\/media?parent=3471"}],"wp:term":[{"taxonomy":"category","embeddable":true,"href":"https:\/\/radio.uksw.edu.pl\/pl\/wp-json\/wp\/v2\/categories?post=3471"},{"taxonomy":"post_tag","embeddable":true,"href":"https:\/\/radio.uksw.edu.pl\/pl\/wp-json\/wp\/v2\/tags?post=3471"}],"curies":[{"name":"wp","href":"https:\/\/api.w.org\/{rel}","templated":true}]}}