{"id":3463,"date":"2019-08-29T00:00:00","date_gmt":"2019-08-29T00:00:00","guid":{"rendered":"http:\/\/pc-4\/uksw\/wyjazd-z-duszpasterstwem-akademickim-uksw\/"},"modified":"2022-12-20T15:37:56","modified_gmt":"2022-12-20T14:37:56","slug":"wyjazd-z-duszpasterstwem-akademickim-uksw","status":"publish","type":"post","link":"https:\/\/radio.uksw.edu.pl\/wyjazd-z-duszpasterstwem-akademickim-uksw\/","title":{"rendered":"Wyjazd z Duszpasterstwem Akademickim UKSW"},"content":{"rendered":"<h4>Duszpasterstwo Akademickie UKSW zaprasza na zorganizowany wyjazd na og\u00f3lnopolsk\u0105 akcj\u0119 &#8222;Polska pod Krzy\u017cem&#8221;, kt\u00f3ra odb\u0119dzie si\u0119 14 wrze\u015bnia we W\u0142oc\u0142awku.<\/h4>\n<div>Wyjazd 14 wrze\u015bnia br. o godz. 7:00 spod Ko\u015bcio\u0142a \u015bw. J\u00f3zefa przy ul. W\u00f3ycickiego 1\/3 w Warszawie.<\/div>\n<div>Koszt 45 z\u0142 (koszty mog\u0105 ulec zmniejszeniu, je\u015bli zg\u0142osi si\u0119 50 os\u00f3b).<\/div>\n<div>Powr\u00f3t w nocy (wyjazd z W\u0142oc\u0142awka ok. 23:00).<\/div>\n<div>W wyje\u017adzie mog\u0105 uczestniczy\u0107 osoby spoza UKSW.<\/div>\n<div><\/div>\n<div>Zg\u0142oszenia nale\u017cy przesy\u0142a\u0107 na adres: <strong><span id=\"cloaka5c009af86790a04e9f231b9f3e885c2\"><a href=\"mailto:s.judytabajuk@gmail.com\">s.judytabajuk@gmail.com<\/a><\/span><\/strong> podaj\u0105c imi\u0119, nazwisko oraz telefon kontaktowy.<\/div>\n","protected":false},"excerpt":{"rendered":"<p>Duszpasterstwo Akademickie UKSW zaprasza na zorganizowany wyjazd na og\u00f3lnopolsk\u0105 akcj\u0119 &#8222;Polska pod Krzy\u017cem&#8221;, kt\u00f3ra odb\u0119dzie si\u0119 14 wrze\u015bnia we W\u0142oc\u0142awku. Wyjazd 14 wrze\u015bnia br. o godz. 7:00 spod Ko\u015bcio\u0142a \u015bw. J\u00f3zefa przy ul. W\u00f3ycickiego 1\/3 w Warszawie. Koszt 45 z\u0142 (koszty mog\u0105 ulec zmniejszeniu, je\u015bli zg\u0142osi si\u0119 50 os\u00f3b). Powr\u00f3t w nocy (wyjazd z W\u0142oc\u0142awka [&hellip;]<\/p>\n","protected":false},"author":7,"featured_media":2504,"comment_status":"open","ping_status":"closed","sticky":false,"template":"","format":"standard","meta":{"_acf_changed":false,"inline_featured_image":false,"footnotes":"","_links_to":"","_links_to_target":""},"categories":[12],"tags":[],"class_list":["post-3463","post","type-post","status-publish","format-standard","has-post-thumbnail","hentry","category-kultura"],"acf":[],"_links":{"self":[{"href":"https:\/\/radio.uksw.edu.pl\/pl\/wp-json\/wp\/v2\/posts\/3463","targetHints":{"allow":["GET"]}}],"collection":[{"href":"https:\/\/radio.uksw.edu.pl\/pl\/wp-json\/wp\/v2\/posts"}],"about":[{"href":"https:\/\/radio.uksw.edu.pl\/pl\/wp-json\/wp\/v2\/types\/post"}],"author":[{"embeddable":true,"href":"https:\/\/radio.uksw.edu.pl\/pl\/wp-json\/wp\/v2\/users\/7"}],"replies":[{"embeddable":true,"href":"https:\/\/radio.uksw.edu.pl\/pl\/wp-json\/wp\/v2\/comments?post=3463"}],"version-history":[{"count":1,"href":"https:\/\/radio.uksw.edu.pl\/pl\/wp-json\/wp\/v2\/posts\/3463\/revisions"}],"predecessor-version":[{"id":5375,"href":"https:\/\/radio.uksw.edu.pl\/pl\/wp-json\/wp\/v2\/posts\/3463\/revisions\/5375"}],"wp:featuredmedia":[{"embeddable":true,"href":"https:\/\/radio.uksw.edu.pl\/pl\/wp-json\/"}],"wp:attachment":[{"href":"https:\/\/radio.uksw.edu.pl\/pl\/wp-json\/wp\/v2\/media?parent=3463"}],"wp:term":[{"taxonomy":"category","embeddable":true,"href":"https:\/\/radio.uksw.edu.pl\/pl\/wp-json\/wp\/v2\/categories?post=3463"},{"taxonomy":"post_tag","embeddable":true,"href":"https:\/\/radio.uksw.edu.pl\/pl\/wp-json\/wp\/v2\/tags?post=3463"}],"curies":[{"name":"wp","href":"https:\/\/api.w.org\/{rel}","templated":true}]}}