{"id":3432,"date":"2019-05-13T00:00:00","date_gmt":"2019-05-13T00:00:00","guid":{"rendered":"http:\/\/pc-4\/uksw\/jubileuszowy-koncert-choru-uksw\/"},"modified":"2022-12-20T15:32:46","modified_gmt":"2022-12-20T14:32:46","slug":"jubileuszowy-koncert-choru-uksw","status":"publish","type":"post","link":"https:\/\/radio.uksw.edu.pl\/jubileuszowy-koncert-choru-uksw\/","title":{"rendered":"Jubileuszowy koncert Ch\u00f3ru UKSW"},"content":{"rendered":"<h4>Ch\u00f3r Akademicki UKSW zaprasza na uroczysty koncert wie\u0144cz\u0105cy obchody jubileuszu 50-lecia, z udzia\u0142em artyst\u00f3w Filharmonii Pozna\u0144skiej i Polskiej Orkiestry Radiowej.<\/h4>\n<p>Ch\u00f3r Uniwersytetu Kardyna\u0142a Stefana Wyszy\u0144skiego powsta\u0142 w 1968 roku, do pa\u017adziernika 1999 dzia\u0142a\u0142 jako Ch\u00f3r Akademii Teologii Katolickiej. W swojej 50-letniej historii da\u0142 wiele koncert\u00f3w w Polsce i niemal wszystkich krajach Europy. Zdoby\u0142 szereg nagr\u00f3d i wyr\u00f3\u017cnie\u0144, m. in.: 1985, Og\u00f3lnopolski Turniej Ch\u00f3r\u00f3w Legnica Cantat &#8211; najlepszy debiut; 1987, Festiwal Ch\u00f3ralny w Kra\u015bniku &#8211; Grand Prix; 1987, Og\u00f3lnopolski Festiwal Polskiej Pie\u015bni Ch\u00f3ralnej w Katowicach &#8211; I miejsce i Z\u0142oty Medal; 1998, dwie pierwsze nagrody na Mi\u0119dzynarodowym Konkursie Ch\u00f3ralnym Music World w Fivizzano we W\u0142oszech; 1998; I Nagroda i Puchar Wojewody Mazowieckiego na Mazowieckim Festiwalu Ch\u00f3r\u00f3w Akademickich w Warszawie, III miejsce w 52\u00b0 Concorso Polifonico Internazionale &#8222;Guido d&#8217;Arezzo&#8221; 2004 w Arezzo (W\u0142ochy).<\/p>\n<p>Ch\u00f3r wy<a href=\"https:\/\/radio.uksw.edu.pl\/wp-content\/uploads\/sites\/32\/2019\/05\/50-lat-ch\u00f3ru-UKSW-plakat.jpg\"><img decoding=\"async\" class=\"wp-image-2390 alignleft\" src=\"https:\/\/radio.uksw.edu.pl\/wp-content\/uploads\/sites\/32\/2019\/05\/50-lat-ch\u00f3ru-UKSW-plakat-150x150.jpg\" alt=\"\" width=\"384\" height=\"384\" \/><\/a>st\u0119powa\u0142 podczas wielu festiwali w kraju i za granic\u0105, m.in.: Mi\u0119dzynarodowego Festiwalu Muzyki Sakralnej Gaude Mater w Cz\u0119stochowie, Mi\u0119dzynarodowego Festiwalu Wratislavia Cantans we Wroc\u0142awiu, Laboratorium Muzyki Wsp\u00f3\u0142czesnej w Bia\u0142ymstoku, Conversatorium Organowym Muzyczna Wiosna w Kiszyniowie (Mo\u0142dawia), Festiwal Journees Mozart Lausanne 2003 w Lozannie (Szwajcaria), Sezon Polski 2004 w Strasburgu (Francja).<\/p>\n<p>Wieloletnim dyrektorem artystycznym i dyrygentem Ch\u00f3ru UKSW by\u0142 ks. prof. Kazimierz Szymonik, obecnie funkcj\u0119 t\u0119 pe\u0142ni dr hab. Micha\u0142 S\u0142awecki.<\/p>\n","protected":false},"excerpt":{"rendered":"<p>Ch\u00f3r Akademicki UKSW zaprasza na uroczysty koncert wie\u0144cz\u0105cy obchody jubileuszu 50-lecia, z udzia\u0142em artyst\u00f3w Filharmonii Pozna\u0144skiej i Polskiej Orkiestry Radiowej. Ch\u00f3r Uniwersytetu Kardyna\u0142a Stefana Wyszy\u0144skiego powsta\u0142 w 1968 roku, do pa\u017adziernika 1999 dzia\u0142a\u0142 jako Ch\u00f3r Akademii Teologii Katolickiej. W swojej 50-letniej historii da\u0142 wiele koncert\u00f3w w Polsce i niemal wszystkich krajach Europy. Zdoby\u0142 szereg nagr\u00f3d [&hellip;]<\/p>\n","protected":false},"author":7,"featured_media":2447,"comment_status":"open","ping_status":"closed","sticky":false,"template":"","format":"standard","meta":{"_acf_changed":false,"inline_featured_image":false,"footnotes":"","_links_to":"","_links_to_target":""},"categories":[12],"tags":[],"class_list":["post-3432","post","type-post","status-publish","format-standard","has-post-thumbnail","hentry","category-kultura"],"acf":[],"_links":{"self":[{"href":"https:\/\/radio.uksw.edu.pl\/pl\/wp-json\/wp\/v2\/posts\/3432","targetHints":{"allow":["GET"]}}],"collection":[{"href":"https:\/\/radio.uksw.edu.pl\/pl\/wp-json\/wp\/v2\/posts"}],"about":[{"href":"https:\/\/radio.uksw.edu.pl\/pl\/wp-json\/wp\/v2\/types\/post"}],"author":[{"embeddable":true,"href":"https:\/\/radio.uksw.edu.pl\/pl\/wp-json\/wp\/v2\/users\/7"}],"replies":[{"embeddable":true,"href":"https:\/\/radio.uksw.edu.pl\/pl\/wp-json\/wp\/v2\/comments?post=3432"}],"version-history":[{"count":1,"href":"https:\/\/radio.uksw.edu.pl\/pl\/wp-json\/wp\/v2\/posts\/3432\/revisions"}],"predecessor-version":[{"id":5317,"href":"https:\/\/radio.uksw.edu.pl\/pl\/wp-json\/wp\/v2\/posts\/3432\/revisions\/5317"}],"wp:featuredmedia":[{"embeddable":true,"href":"https:\/\/radio.uksw.edu.pl\/pl\/wp-json\/"}],"wp:attachment":[{"href":"https:\/\/radio.uksw.edu.pl\/pl\/wp-json\/wp\/v2\/media?parent=3432"}],"wp:term":[{"taxonomy":"category","embeddable":true,"href":"https:\/\/radio.uksw.edu.pl\/pl\/wp-json\/wp\/v2\/categories?post=3432"},{"taxonomy":"post_tag","embeddable":true,"href":"https:\/\/radio.uksw.edu.pl\/pl\/wp-json\/wp\/v2\/tags?post=3432"}],"curies":[{"name":"wp","href":"https:\/\/api.w.org\/{rel}","templated":true}]}}