{"id":3386,"date":"2018-11-30T00:00:00","date_gmt":"2018-11-30T00:00:00","guid":{"rendered":"http:\/\/pc-4\/uksw\/rektor-uksw-doktorem-h-c\/"},"modified":"2018-11-30T00:00:00","modified_gmt":"2018-11-30T00:00:00","slug":"rektor-uksw-doktorem-h-c","status":"publish","type":"post","link":"https:\/\/radio.uksw.edu.pl\/rektor-uksw-doktorem-h-c\/","title":{"rendered":"Rektor UKSW doktorem h.c."},"content":{"rendered":"<h4>Rektor UKSW ks. prof. dr hab. Stanis\u0142aw Dzieko\u0144ski otrzyma\u0142 23 listopada br. tytu\u0142 doktora honoris causa Wschodnioeuropejskiego Uniwersytetu Narodowego im. \u0141esi Ukrainki w \u0141ucku.<\/h4>\n<p>\u00a0<\/p>\n<p>Uniwersytet Kardyna\u0142a Stefana Wyszy\u0144skiego w Warszawie pozostaje w bliskim partnerstwie z Uniwersytetem \u0141esi Ukrainki w \u0141ucku. Ksi\u0105dz Rektor Dzieko\u0144ski nawi\u0105za\u0142 do tej wsp\u00f3\u0142pracy, m\u00f3wi\u0105c:<\/p>\n<p><em>Akt przyznania mi doktoratu honoris causa tej Uczelni odczytuj\u0119 jako szczeg\u00f3lny rodzaj budowania mostu mi\u0119dzy naszymi Uniwersytetami, a w konsekwencji zbli\u017cenia narodu ukrai\u0144skiego i polskiego poprzez rozwijanie braterskiej wsp\u00f3\u0142pracy na szeroko rozumianym polu edukacyjnym.<\/em><\/p>\n<p>W wyk\u0142adzie zatytu\u0142owanym \u201eGodno\u015b\u0107 osoby ludzkiej u \u017ar\u00f3de\u0142 wychowania\u201d Jego Magnificencja Rektor UKSW wskaza\u0142 na godno\u015b\u0107 ludzk\u0105 jako fundament wychowania, kt\u00f3rego idea\u0142em jest cz\u0142owiek darz\u0105cy szacunkiem nie tylko siebie, ale i innych, ca\u0142kowicie zaanga\u017cowany w budowanie dobra w wymiarze indywidualnym i spo\u0142ecznym, czego owocem jest mi\u0119dzy innymi pok\u00f3j i braterstwo mi\u0119dzy narodami.<\/p>\n<blockquote><p>W procesie wychowania kluczow\u0105 rol\u0119 mog\u0105 pe\u0142ni\u0107 uniwersytety, wsp\u00f3\u0142pracuj\u0105ce ze sob\u0105 dla kszta\u0142cenia nowych pokole\u0144 architekt\u00f3w przysz\u0142o\u015bci. Na ka\u017cdym uniwersytecie spoczywa odpowiedzialno\u015b\u0107 za prawd\u0119 w uprawianiu nauki, w badaniach i metodach badawczych oraz w jej przekazywaniu, czyli w dydaktyce. Nabiera to dodatkowego znaczenia w dobie globalizacji, rozwoju technologii, w tym sztucznej inteligencji, przenikania si\u0119 kultur, trend\u00f3w i \u015bwiatopogl\u0105d\u00f3w \u2013 m\u00f3wi\u0142 Rektor UKSW.<\/p><\/blockquote>\n<p>Ks. Rektor Dzieko\u0144ski zwr\u00f3ci\u0142 uwag\u0119, \u017ce Uniwersytety musz\u0105 przyj\u0105\u0107 na siebie nie tylko ci\u0119\u017car edukacji, ale tak\u017ce odpowiedzialno\u015b\u0107 za kszta\u0142towanie wizji \u015bwiata, w kt\u00f3rej godno\u015b\u0107 cz\u0142owieka pozostanie warto\u015bci\u0105 nadrz\u0119dn\u0105. W tym wzgl\u0119dzie wa\u017cnym punktem odniesienia jest personalizm, kt\u00f3ry wsp\u00f3\u0142cze\u015bnie rozumiany jest jako doktryna podkre\u015blaj\u0105ca autonomiczn\u0105 warto\u015b\u0107 cz\u0142owieka jako osoby i g\u0142osz\u0105c\u0105 pe\u0142n\u0105 jego afirmacj\u0119 b\u0105d\u017a te\u017c jako programy dzia\u0142a\u0144 wspieraj\u0105cych rozw\u00f3j osoby ludzkiej podporz\u0105dkowuj\u0105ce warto\u015bciom osobowo-duchowym warto\u015bci ekonomiczne i techniczne.<\/p>\n<p>Historia uniwersytecka w \u0141ucku si\u0119ga 1940 roku, kiedy to za\u0142o\u017cona zosta\u0142a Pa\u0144stwowa Szko\u0142a Pedagogiczna. Obecnie uczelnia posiada siedem instytut\u00f3w, dziewi\u0119\u0107 wydzia\u0142\u00f3w, 76 kierunk\u00f3w. Studiuje na niej 14 tys. student\u00f3w. Rektorem jest profesor, doktor nauk Igor Kotsan.<\/p>\n<p>Uniwersytet odznaczono w International Academic Ranking Golden Fortune srebrnym medalem Niepodleg\u0142o\u015b\u0107 Ukrainy oraz wyr\u00f3\u017cniono w rankingu Top of Ukraine w High School. W 2007 r. dekretem Prezydenta Ukrainy uczelnia otrzyma\u0142a status Uniwersytetu Narodowego.<\/p>\n<p><strong><span style=\"color: #800000\"><a href=\"https:\/\/radio.uksw.edu.pl\/wp-content\/uploads\/sites\/32\/2018\/11\/Doktorat-honoris-causa-Godno-osoby-ludzkiej-u-rde-wychowania.pdf\">WYK\u0141AD KS. PROF. STANIS\u0141AWA DZIEKO\u0143SKIEGO, REKTORA UKSW, DOKTORA H.C. UNIWERSYTETU w \u0141UCKU<\/a><\/span><\/strong><\/p>\n\n<p><strong>Listy gratulacyjne<\/strong><\/p>\n<p><a href=\"https:\/\/uksw.edu.pl\/images\/aktualnosci\/scan.jpg\">Prezes Urz\u0119du Ochrony Danych Osobowych dr Edyta Bielak\u2013Jomaa<\/a><\/p>\n<p><a href=\"https:\/\/uksw.edu.pl\/images\/aktualnosci\/scan_1.jpg\">Dyrektor Narodowego CentrumKultury prof. UKSW dr hab. Rafa\u0142 Wi\u015bniewski<\/a><\/p>\n<p><a href=\"https:\/\/uksw.edu.pl\/images\/aktualnosci\/scan-1.jpg\">Koordynator Mi\u0119dzynarodowego Centrum Dialogu Mi\u0119dzykulturowego i Mi\u0119dzyreligijnego UKSW ks. prof. dr hab. Henryk Skorowski<\/a><\/p>\n","protected":false},"excerpt":{"rendered":"<p>Rektor UKSW ks. prof. dr hab. Stanis\u0142aw Dzieko\u0144ski otrzyma\u0142 23 listopada br. tytu\u0142 doktora honoris causa Wschodnioeuropejskiego Uniwersytetu Narodowego im. \u0141esi Ukrainki w \u0141ucku. \u00a0 Uniwersytet Kardyna\u0142a Stefana Wyszy\u0144skiego w Warszawie pozostaje w bliskim partnerstwie z Uniwersytetem \u0141esi Ukrainki w \u0141ucku. Ksi\u0105dz Rektor Dzieko\u0144ski nawi\u0105za\u0142 do tej wsp\u00f3\u0142pracy, m\u00f3wi\u0105c: Akt przyznania mi doktoratu honoris causa [&hellip;]<\/p>\n","protected":false},"author":7,"featured_media":2368,"comment_status":"open","ping_status":"closed","sticky":false,"template":"","format":"standard","meta":{"_acf_changed":false,"inline_featured_image":false,"footnotes":"","_links_to":"","_links_to_target":""},"categories":[25],"tags":[],"class_list":["post-3386","post","type-post","status-publish","format-standard","has-post-thumbnail","hentry","category-wiadomoaci"],"acf":[],"_links":{"self":[{"href":"https:\/\/radio.uksw.edu.pl\/pl\/wp-json\/wp\/v2\/posts\/3386","targetHints":{"allow":["GET"]}}],"collection":[{"href":"https:\/\/radio.uksw.edu.pl\/pl\/wp-json\/wp\/v2\/posts"}],"about":[{"href":"https:\/\/radio.uksw.edu.pl\/pl\/wp-json\/wp\/v2\/types\/post"}],"author":[{"embeddable":true,"href":"https:\/\/radio.uksw.edu.pl\/pl\/wp-json\/wp\/v2\/users\/7"}],"replies":[{"embeddable":true,"href":"https:\/\/radio.uksw.edu.pl\/pl\/wp-json\/wp\/v2\/comments?post=3386"}],"version-history":[{"count":0,"href":"https:\/\/radio.uksw.edu.pl\/pl\/wp-json\/wp\/v2\/posts\/3386\/revisions"}],"wp:featuredmedia":[{"embeddable":true,"href":"https:\/\/radio.uksw.edu.pl\/pl\/wp-json\/"}],"wp:attachment":[{"href":"https:\/\/radio.uksw.edu.pl\/pl\/wp-json\/wp\/v2\/media?parent=3386"}],"wp:term":[{"taxonomy":"category","embeddable":true,"href":"https:\/\/radio.uksw.edu.pl\/pl\/wp-json\/wp\/v2\/categories?post=3386"},{"taxonomy":"post_tag","embeddable":true,"href":"https:\/\/radio.uksw.edu.pl\/pl\/wp-json\/wp\/v2\/tags?post=3386"}],"curies":[{"name":"wp","href":"https:\/\/api.w.org\/{rel}","templated":true}]}}