{"id":3350,"date":"2017-07-31T00:00:00","date_gmt":"2017-07-31T00:00:00","guid":{"rendered":"http:\/\/pc-4\/uksw\/wakacyjne-audycje-w-radiu-uksw\/"},"modified":"2022-12-21T06:13:42","modified_gmt":"2022-12-21T05:13:42","slug":"wakacyjne-audycje-w-radiu-uksw","status":"publish","type":"post","link":"https:\/\/radio.uksw.edu.pl\/wakacyjne-audycje-w-radiu-uksw\/","title":{"rendered":"Wakacyjne audycje w Radiu UKSW"},"content":{"rendered":"<p>Drodzy S\u0142uchacze, dobrego tygodnia \u017cyczy Redakcja Radia UKSW:) A \u017ce wakacje w pe\u0142ni, to i nasi dziennikarze troch\u0119 odpoczywaj\u0105, by nabra\u0107 si\u0142 na kolejny sezon radiowy:) Dlatego przypominamy, \u017ce od poniedzia\u0142ku do pi\u0105tku o 19.00 przez ca\u0142e wakacje zapraszamy na letni blok powt\u00f3rkowy:) B\u0105d\u017acie z nami na&nbsp;<a href=\"http:\/\/www.radio.uksw.edu.pl\/\" target=\"_blank\" rel=\"nofollow noopener noreferrer\">www.radio.uksw.edu.pl:<\/a>) Ahoj:)&nbsp;<span class=\"_47e3 _5mfr\" title=\"Emotikon tongue\"><img decoding=\"async\" class=\"img\" src=\"https:\/\/www.facebook.com\/images\/emoji.php\/v9\/f9f\/1\/16\/1f61b.png\" alt=\"\" width=\"16\" height=\"16\"><span class=\"_7oe\">\ud83d\ude1b<\/span><\/span><\/p>\n","protected":false},"excerpt":{"rendered":"<p>Drodzy S\u0142uchacze, dobrego tygodnia \u017cyczy Redakcja Radia UKSW:) A \u017ce wakacje w pe\u0142ni, to i nasi dziennikarze troch\u0119 odpoczywaj\u0105, by nabra\u0107 si\u0142 na kolejny sezon radiowy:) Dlatego przypominamy, \u017ce od poniedzia\u0142ku do pi\u0105tku o 19.00 przez ca\u0142e wakacje zapraszamy na letni blok powt\u00f3rkowy:) B\u0105d\u017acie z nami na&nbsp;www.radio.uksw.edu.pl:) Ahoj:)&nbsp;\ud83d\ude1b<\/p>\n","protected":false},"author":7,"featured_media":5626,"comment_status":"open","ping_status":"closed","sticky":false,"template":"","format":"standard","meta":{"_acf_changed":false,"inline_featured_image":false,"footnotes":"","_links_to":"","_links_to_target":""},"categories":[1],"tags":[],"class_list":["post-3350","post","type-post","status-publish","format-standard","has-post-thumbnail","hentry","category-aktualnosci"],"acf":[],"_links":{"self":[{"href":"https:\/\/radio.uksw.edu.pl\/pl\/wp-json\/wp\/v2\/posts\/3350","targetHints":{"allow":["GET"]}}],"collection":[{"href":"https:\/\/radio.uksw.edu.pl\/pl\/wp-json\/wp\/v2\/posts"}],"about":[{"href":"https:\/\/radio.uksw.edu.pl\/pl\/wp-json\/wp\/v2\/types\/post"}],"author":[{"embeddable":true,"href":"https:\/\/radio.uksw.edu.pl\/pl\/wp-json\/wp\/v2\/users\/7"}],"replies":[{"embeddable":true,"href":"https:\/\/radio.uksw.edu.pl\/pl\/wp-json\/wp\/v2\/comments?post=3350"}],"version-history":[{"count":2,"href":"https:\/\/radio.uksw.edu.pl\/pl\/wp-json\/wp\/v2\/posts\/3350\/revisions"}],"predecessor-version":[{"id":5628,"href":"https:\/\/radio.uksw.edu.pl\/pl\/wp-json\/wp\/v2\/posts\/3350\/revisions\/5628"}],"wp:featuredmedia":[{"embeddable":true,"href":"https:\/\/radio.uksw.edu.pl\/pl\/wp-json\/wp\/v2\/media\/5626"}],"wp:attachment":[{"href":"https:\/\/radio.uksw.edu.pl\/pl\/wp-json\/wp\/v2\/media?parent=3350"}],"wp:term":[{"taxonomy":"category","embeddable":true,"href":"https:\/\/radio.uksw.edu.pl\/pl\/wp-json\/wp\/v2\/categories?post=3350"},{"taxonomy":"post_tag","embeddable":true,"href":"https:\/\/radio.uksw.edu.pl\/pl\/wp-json\/wp\/v2\/tags?post=3350"}],"curies":[{"name":"wp","href":"https:\/\/api.w.org\/{rel}","templated":true}]}}