{"id":3318,"date":"2017-01-30T00:00:00","date_gmt":"2017-01-30T00:00:00","guid":{"rendered":"http:\/\/pc-4\/uksw\/juz-dzis-o-19-00-w-radiu-uksw\/"},"modified":"2022-12-20T15:46:17","modified_gmt":"2022-12-20T14:46:17","slug":"juz-dzis-o-19-00-w-radiu-uksw","status":"publish","type":"post","link":"https:\/\/radio.uksw.edu.pl\/juz-dzis-o-19-00-w-radiu-uksw\/","title":{"rendered":"Ju\u017c dzi\u015b o 19.00 w Radiu UKSW"},"content":{"rendered":"<p>Ju\u017c dzi\u015b o godz. 19.00 kolejny program Radia UKSW, a w nim m.in. serwis informacyjny Radia UKSW, kt\u00f3ry przedstawi <a class=\"profileLink\" href=\"https:\/\/www.facebook.com\/profile.php?id=100001349435728\" data-hovercard=\"\/ajax\/hovercard\/user.php?id=100001349435728\" data-hovercard-prefer-more-content-show=\"1\">Adam Ka\u0142u\u017cny<\/a> oraz wspaniali go\u015bcie &#8211; przedstawiciele Samorz\u0105du Student\u00f3w UKSW &#8211; <a class=\"profileLink\" href=\"https:\/\/www.facebook.com\/anna.gorka.31\" data-hovercard=\"\/ajax\/hovercard\/user.php?id=100001704691185\" data-hovercard-prefer-more-content-show=\"1\">Anna G\u00f3rka<\/a>, <a class=\"profileLink\" href=\"https:\/\/www.facebook.com\/mateusz.izydorekvelzydorek\" data-hovercard=\"\/ajax\/hovercard\/user.php?id=100000660986575\" data-hovercard-prefer-more-content-show=\"1\">Mateusz Izydorek Vel Zydorek<\/a>, <a class=\"profileLink\" href=\"https:\/\/www.facebook.com\/maciej.sawczuk.77\" data-hovercard=\"\/ajax\/hovercard\/user.php?id=100001955084868\" data-hovercard-prefer-more-content-show=\"1\">Maciej Sawczuk<\/a>, kt\u00f3rzy opowiedz\u0105 o aktualnych wydarzeniach organizowanych przez <a class=\"profileLink\" href=\"https:\/\/www.facebook.com\/samorzad.uksw\/\" data-hovercard=\"\/ajax\/hovercard\/page.php?id=176628822348233\" data-hovercard-prefer-more-content-show=\"1\">Samorz\u0105d Student\u00f3w UKSW<\/a> &#8211; w tym <a id=\"js_48\" class=\"profileLink\" href=\"https:\/\/www.facebook.com\/events\/202598330209709\/?acontext=%7B%22source%22%3A3%2C%22source_newsfeed_story_type%22%3A%22regular%22%2C%22action_history%22%3A%22%5B%7B%5C%22surface%5C%22%3A%5C%22newsfeed%5C%22%2C%5C%22mechanism%5C%22%3A%5C%22feed_story%5C%22%2C%5C%22extra_data%5C%22%3A%5B%5D%7D%5D%22%2C%22has_source%22%3Atrue%7D&amp;source=3&amp;source_newsfeed_story_type=regular&amp;action_history=%5B%7B%22surface%22%3A%22newsfeed%22%2C%22mechanism%22%3A%22feed_story%22%2C%22extra_data%22%3A%5B%5D%7D%5D&amp;has_source=1\" data-hovercard=\"\/ajax\/hovercard\/event.php?id=202598330209709&amp;extragetparams=%7B%22source%22%3A3%2C%22source_newsfeed_story_type%22%3A%22regular%22%2C%22action_history%22%3A%22%5B%7B%5C%22surface%5C%22%3A%5C%22newsfeed%5C%22%2C%5C%22mechanism%5C%22%3A%5C%22feed_story%5C%22%2C%5C%22extra_data%5C%22%3A%5B%5D%7D%5D%22%2C%22has_source%22%3Atrue%7D\" data-hovercard-prefer-more-content-show=\"1\">Gala Belfra Roku UKSW<\/a>.\u00a0\u00a0Program poprowadzi <a class=\"profileLink\" href=\"https:\/\/www.facebook.com\/ania.gawronskapiotrowska\" data-hovercard=\"\/ajax\/hovercard\/user.php?id=100000853455145\" data-hovercard-prefer-more-content-show=\"1\">Ania Gawro\u0144ska-Piotrowska<\/a>.<br \/>\nZapraszamy do s\u0142uchania\u00a0\ud83d\ude42<\/p>\n","protected":false},"excerpt":{"rendered":"<p>Ju\u017c dzi\u015b o godz. 19.00 kolejny program Radia UKSW, a w nim m.in. serwis informacyjny Radia UKSW, kt\u00f3ry przedstawi Adam Ka\u0142u\u017cny oraz wspaniali go\u015bcie &#8211; przedstawiciele Samorz\u0105du Student\u00f3w UKSW &#8211; Anna G\u00f3rka, Mateusz Izydorek Vel Zydorek, Maciej Sawczuk, kt\u00f3rzy opowiedz\u0105 o aktualnych wydarzeniach organizowanych przez Samorz\u0105d Student\u00f3w UKSW &#8211; w tym Gala Belfra Roku UKSW.\u00a0\u00a0Program [&hellip;]<\/p>\n","protected":false},"author":7,"featured_media":2194,"comment_status":"open","ping_status":"closed","sticky":false,"template":"","format":"standard","meta":{"_acf_changed":false,"inline_featured_image":false,"footnotes":"","_links_to":"","_links_to_target":""},"categories":[12],"tags":[],"class_list":["post-3318","post","type-post","status-publish","format-standard","has-post-thumbnail","hentry","category-kultura"],"acf":[],"_links":{"self":[{"href":"https:\/\/radio.uksw.edu.pl\/pl\/wp-json\/wp\/v2\/posts\/3318","targetHints":{"allow":["GET"]}}],"collection":[{"href":"https:\/\/radio.uksw.edu.pl\/pl\/wp-json\/wp\/v2\/posts"}],"about":[{"href":"https:\/\/radio.uksw.edu.pl\/pl\/wp-json\/wp\/v2\/types\/post"}],"author":[{"embeddable":true,"href":"https:\/\/radio.uksw.edu.pl\/pl\/wp-json\/wp\/v2\/users\/7"}],"replies":[{"embeddable":true,"href":"https:\/\/radio.uksw.edu.pl\/pl\/wp-json\/wp\/v2\/comments?post=3318"}],"version-history":[{"count":1,"href":"https:\/\/radio.uksw.edu.pl\/pl\/wp-json\/wp\/v2\/posts\/3318\/revisions"}],"predecessor-version":[{"id":5543,"href":"https:\/\/radio.uksw.edu.pl\/pl\/wp-json\/wp\/v2\/posts\/3318\/revisions\/5543"}],"wp:featuredmedia":[{"embeddable":true,"href":"https:\/\/radio.uksw.edu.pl\/pl\/wp-json\/"}],"wp:attachment":[{"href":"https:\/\/radio.uksw.edu.pl\/pl\/wp-json\/wp\/v2\/media?parent=3318"}],"wp:term":[{"taxonomy":"category","embeddable":true,"href":"https:\/\/radio.uksw.edu.pl\/pl\/wp-json\/wp\/v2\/categories?post=3318"},{"taxonomy":"post_tag","embeddable":true,"href":"https:\/\/radio.uksw.edu.pl\/pl\/wp-json\/wp\/v2\/tags?post=3318"}],"curies":[{"name":"wp","href":"https:\/\/api.w.org\/{rel}","templated":true}]}}