{"id":3316,"date":"2017-01-25T00:00:00","date_gmt":"2017-01-25T00:00:00","guid":{"rendered":"http:\/\/pc-4\/uksw\/pod-patronatem-radia-uksw\/"},"modified":"2022-12-20T15:45:49","modified_gmt":"2022-12-20T14:45:49","slug":"pod-patronatem-radia-uksw","status":"publish","type":"post","link":"https:\/\/radio.uksw.edu.pl\/pod-patronatem-radia-uksw\/","title":{"rendered":"Pod patronatem Radia UKSW"},"content":{"rendered":"<p>29 stycznia o godzinie 17.00 na scenie Dobrego Miejsca wyst\u0105pi\u00a0Jan Pietrzak, kt\u00f3remu towarzyszy\u0107 b\u0119d\u0105 znakomici arty\u015bci:<\/p>\n<p>&#8211; Ewa Da\u0142kowska<br \/>\n&#8211; Marta Kostur<br \/>\n&#8211; Marcin Wolski<br \/>\n&#8211; Ryszard Makowski<br \/>\n&#8211; Pawe\u0142 D\u0142u\u017cewski<br \/>\n&#8211; Stanis\u0142aw Klawe<br \/>\n&#8211; Bartek Kurowski<\/p>\n<p style=\"text-align: justify\">Polecamy!<\/p>\n<p style=\"text-align: justify\">Kabaret &#8222;Pod Egid\u0105&#8221;\u00a0\u00a0Powsta\u0142 jesieni\u0105 1967 roku jako artystyczna kontynuacja studenckiego kabaretu Hybrydy. Patronowa\u0142y zespo\u0142owi Sto\u0142eczna Estrada i Program 3 Polskiego Radia. Siedzib\u0105 kabaretu w latach 67-75 by\u0142 pa\u0142acyk Towarzystwa Przyjaci\u00f3\u0142 Sztuk\u00a0Pi\u0119knych przy ulicy Chmielnej 5. Rozpocz\u0119cie dzia\u0142alno\u015bci kabaretu datuje si\u0119\u00a0na10 lutego 68 roku, poniewa\u017c przez kilka miesi\u0119cy trwa\u0142o uzgadnianie tekst\u00f3w\u00a0z cenzur\u0105. Filarami pierwszej edycji, poza liderem Janem Pietrzakiem, byli Jonasz Kofta,\u00a0Adam Kreczmar, Jan Raczkowski, Krzysztof Paszek, Hanna Okuniewicz,\u00a0Barbara Kraft\u00f3wna, Anna Prucnal, Kazimierz Rudzki, Wojciech Siemian,\u00a0Wojciech Brzozowicz, oraz Jan Stanis\u0142awski.<\/p>\n","protected":false},"excerpt":{"rendered":"<p>29 stycznia o godzinie 17.00 na scenie Dobrego Miejsca wyst\u0105pi\u00a0Jan Pietrzak, kt\u00f3remu towarzyszy\u0107 b\u0119d\u0105 znakomici arty\u015bci: &#8211; Ewa Da\u0142kowska &#8211; Marta Kostur &#8211; Marcin Wolski &#8211; Ryszard Makowski &#8211; Pawe\u0142 D\u0142u\u017cewski &#8211; Stanis\u0142aw Klawe &#8211; Bartek Kurowski Polecamy! Kabaret &#8222;Pod Egid\u0105&#8221;\u00a0\u00a0Powsta\u0142 jesieni\u0105 1967 roku jako artystyczna kontynuacja studenckiego kabaretu Hybrydy. Patronowa\u0142y zespo\u0142owi Sto\u0142eczna Estrada i [&hellip;]<\/p>\n","protected":false},"author":7,"featured_media":2191,"comment_status":"open","ping_status":"closed","sticky":false,"template":"","format":"standard","meta":{"_acf_changed":false,"inline_featured_image":false,"footnotes":"","_links_to":"","_links_to_target":""},"categories":[25],"tags":[],"class_list":["post-3316","post","type-post","status-publish","format-standard","has-post-thumbnail","hentry","category-wiadomoaci"],"acf":[],"_links":{"self":[{"href":"https:\/\/radio.uksw.edu.pl\/pl\/wp-json\/wp\/v2\/posts\/3316","targetHints":{"allow":["GET"]}}],"collection":[{"href":"https:\/\/radio.uksw.edu.pl\/pl\/wp-json\/wp\/v2\/posts"}],"about":[{"href":"https:\/\/radio.uksw.edu.pl\/pl\/wp-json\/wp\/v2\/types\/post"}],"author":[{"embeddable":true,"href":"https:\/\/radio.uksw.edu.pl\/pl\/wp-json\/wp\/v2\/users\/7"}],"replies":[{"embeddable":true,"href":"https:\/\/radio.uksw.edu.pl\/pl\/wp-json\/wp\/v2\/comments?post=3316"}],"version-history":[{"count":1,"href":"https:\/\/radio.uksw.edu.pl\/pl\/wp-json\/wp\/v2\/posts\/3316\/revisions"}],"predecessor-version":[{"id":5542,"href":"https:\/\/radio.uksw.edu.pl\/pl\/wp-json\/wp\/v2\/posts\/3316\/revisions\/5542"}],"wp:featuredmedia":[{"embeddable":true,"href":"https:\/\/radio.uksw.edu.pl\/pl\/wp-json\/"}],"wp:attachment":[{"href":"https:\/\/radio.uksw.edu.pl\/pl\/wp-json\/wp\/v2\/media?parent=3316"}],"wp:term":[{"taxonomy":"category","embeddable":true,"href":"https:\/\/radio.uksw.edu.pl\/pl\/wp-json\/wp\/v2\/categories?post=3316"},{"taxonomy":"post_tag","embeddable":true,"href":"https:\/\/radio.uksw.edu.pl\/pl\/wp-json\/wp\/v2\/tags?post=3316"}],"curies":[{"name":"wp","href":"https:\/\/api.w.org\/{rel}","templated":true}]}}