{"id":3302,"date":"2016-11-14T00:00:00","date_gmt":"2016-11-14T00:00:00","guid":{"rendered":"http:\/\/pc-4\/uksw\/200-lat-teologii-uniwersyteckiej-w-warszawie-konferencja-transmisja-na-zywo-w-pierwszym-dniu-obrad-w-radiu-uksw\/"},"modified":"2022-12-20T15:44:01","modified_gmt":"2022-12-20T14:44:01","slug":"200-lat-teologii-uniwersyteckiej-w-warszawie-konferencja-transmisja-na-zywo-w-pierwszym-dniu-obrad-w-radiu-uksw","status":"publish","type":"post","link":"https:\/\/radio.uksw.edu.pl\/200-lat-teologii-uniwersyteckiej-w-warszawie-konferencja-transmisja-na-zywo-w-pierwszym-dniu-obrad-w-radiu-uksw\/","title":{"rendered":"&#8222;200 lat teologii uniwersyteckiej w Warszawie&#8221; &#8211; konferencja, transmisja na \u017cywo w pierwszym dniu obrad w Radiu UKSW"},"content":{"rendered":"<p><strong style=\"font-size: 16px\">Uniwersytet Kardyna\u0142a Stefana Wyszy\u0144skiego w Warszawie oraz Chrze\u015bcija\u0144ska Akademia Teologiczna zapraszaj\u0105 na bardzo wa\u017cn\u0105\u00a0konferencj\u0119 &#8222;200 lat teologii uniwersyteckiej w Warszawie&#8221;, kt\u00f3ra odb\u0119dzie si\u0119 w dniach 16-17 listopada.\u00a0<\/strong><\/p>\n<ul>\n<li>16 listopada, od godz. 10:00 w Auli im. Jana Paw\u0142a II (kampus na Dewajtis 5) &#8211;\u00a0pierwszy dzie\u0144 obrad.<\/li>\n<li>17 listopada, od godz. 10:00 na Miodowej 21 C \u00a0&#8211; drugi dzie\u0144 obrad.<\/li>\n<\/ul>\n<p>Szczeg\u00f3\u0142owy program konferencji znajduje si\u0119 na plakacie. \u00a0Serdecznie zapraszamy do udzia\u0142u w wydarzeniu.<\/p>\n<p>Tych\u00a0z Pa\u0144stwa,\u00a0kt\u00f3rzy nie mog\u0105 uczestniczy\u0107\u00a0osobi\u015bcie\u00a0w konferencji, zapraszamy na transmisj\u0119 na \u017cywo w Radiu UKSW w pierwszym dniu konferencji \u00a0&#8211; 16 listopada. Transmisji b\u0119dzie mo\u017cna wys\u0142ucha\u0107 w godzinach 11.30-16.00 ( 1 i 2 sesja) na www.radio.uksw.edu.pl. \u00a0Zapraszamy do\u00a0s\u0142uchania!<\/p>\n<p>\u00a0<\/p>\n<p><img decoding=\"async\" class=\" wp-image-643 aligncenter\" src=\"https:\/\/radio.uksw.edu.pl\/wp-content\/uploads\/sites\/32\/2016\/11\/konferencja-212x300.jpg\" alt=\"konferencja\" width=\"666\" height=\"940\" \/><\/p>\n","protected":false},"excerpt":{"rendered":"<p>Uniwersytet Kardyna\u0142a Stefana Wyszy\u0144skiego w Warszawie oraz Chrze\u015bcija\u0144ska Akademia Teologiczna zapraszaj\u0105 na bardzo wa\u017cn\u0105\u00a0konferencj\u0119 &#8222;200 lat teologii uniwersyteckiej w Warszawie&#8221;, kt\u00f3ra odb\u0119dzie si\u0119 w dniach 16-17 listopada.\u00a0 16 listopada, od godz. 10:00 w Auli im. Jana Paw\u0142a II (kampus na Dewajtis 5) &#8211;\u00a0pierwszy dzie\u0144 obrad. 17 listopada, od godz. 10:00 na Miodowej 21 C \u00a0&#8211; [&hellip;]<\/p>\n","protected":false},"author":7,"featured_media":2168,"comment_status":"open","ping_status":"closed","sticky":false,"template":"","format":"standard","meta":{"_acf_changed":false,"inline_featured_image":false,"footnotes":"","_links_to":"","_links_to_target":""},"categories":[25],"tags":[],"class_list":["post-3302","post","type-post","status-publish","format-standard","has-post-thumbnail","hentry","category-wiadomoaci"],"acf":[],"_links":{"self":[{"href":"https:\/\/radio.uksw.edu.pl\/pl\/wp-json\/wp\/v2\/posts\/3302","targetHints":{"allow":["GET"]}}],"collection":[{"href":"https:\/\/radio.uksw.edu.pl\/pl\/wp-json\/wp\/v2\/posts"}],"about":[{"href":"https:\/\/radio.uksw.edu.pl\/pl\/wp-json\/wp\/v2\/types\/post"}],"author":[{"embeddable":true,"href":"https:\/\/radio.uksw.edu.pl\/pl\/wp-json\/wp\/v2\/users\/7"}],"replies":[{"embeddable":true,"href":"https:\/\/radio.uksw.edu.pl\/pl\/wp-json\/wp\/v2\/comments?post=3302"}],"version-history":[{"count":1,"href":"https:\/\/radio.uksw.edu.pl\/pl\/wp-json\/wp\/v2\/posts\/3302\/revisions"}],"predecessor-version":[{"id":5497,"href":"https:\/\/radio.uksw.edu.pl\/pl\/wp-json\/wp\/v2\/posts\/3302\/revisions\/5497"}],"wp:featuredmedia":[{"embeddable":true,"href":"https:\/\/radio.uksw.edu.pl\/pl\/wp-json\/"}],"wp:attachment":[{"href":"https:\/\/radio.uksw.edu.pl\/pl\/wp-json\/wp\/v2\/media?parent=3302"}],"wp:term":[{"taxonomy":"category","embeddable":true,"href":"https:\/\/radio.uksw.edu.pl\/pl\/wp-json\/wp\/v2\/categories?post=3302"},{"taxonomy":"post_tag","embeddable":true,"href":"https:\/\/radio.uksw.edu.pl\/pl\/wp-json\/wp\/v2\/tags?post=3302"}],"curies":[{"name":"wp","href":"https:\/\/api.w.org\/{rel}","templated":true}]}}