{"id":3300,"date":"2016-11-10T00:00:00","date_gmt":"2016-11-10T00:00:00","guid":{"rendered":"http:\/\/pc-4\/uksw\/niektore-utwory-wgniataja-w-fotel-wywiad-z-tomkiem-kowalem-kowalskim-zwyciezca-iv-edycji-must-be-the-music\/"},"modified":"2022-12-21T06:19:42","modified_gmt":"2022-12-21T05:19:42","slug":"niektore-utwory-wgniataja-w-fotel-wywiad-z-tomkiem-kowalem-kowalskim-zwyciezca-iv-edycji-must-be-the-music","status":"publish","type":"post","link":"https:\/\/radio.uksw.edu.pl\/niektore-utwory-wgniataja-w-fotel-wywiad-z-tomkiem-kowalem-kowalskim-zwyciezca-iv-edycji-must-be-the-music\/","title":{"rendered":"&#8222;Niekt\u00f3re utwory wgniataj\u0105 w fotel&#8221;- wywiad z Tomkiem &#8222;Kowalem&#8221; Kowalskim, zwyci\u0119zc\u0105 IV edycji Must Be The Music"},"content":{"rendered":"<p>https:\/\/www.youtube.com\/watch?v=lDTX8cn9pLE<\/p>\n<p style=\"text-align: justify\">Tomek &#8222;Kowal&#8221; Kowalski &#8211; zwyci\u0119zca IV edycji Must Be The Music, wokalista, muzyk, zwi\u0105zany rol\u0105 Ryszarda Riedela z Teatrem \u015al\u0105skim &#8211; cz\u0142owiek, kt\u00f3ry ka\u017cdego dnia udowadnia nie tylko sobie ale i innym, \u017ce walczy si\u0119 do samego ko\u0144ca. Zapraszam was do lektury.<\/p>\n<p style=\"text-align: justify\">rozmawia\u0142a :&nbsp; Oliwia D\u0142ugosz Radio UKSW<\/p>\n<p style=\"text-align: justify\"><strong>O: Witam,chcia\u0142am zacz\u0105\u0107 od samego pocz\u0105tku, czyli epki &#8222;Nie \u017ca\u0142uj\u0119&#8221; nagranej Fama Blues Band. Przyznam szczerze, \u017ce kiedy patrzymy na artyst\u0119, kt\u00f3ry w m\u0142odych latach otrzymuje nagrod\u0119 im. Tadeusza Nalepy spodziewamy si\u0119 czego\u015b niekonwencajlnego, niszowego, a utw\u00f3r Sen jest klasycznym radiowym hitem.<\/strong><\/p>\n<p style=\"text-align: justify\">T: Cze\u015b\u0107. Wiesz, ja chyba nigdy jeszcze nie gra\u0142em w zespole z tak\u0105 muzyk\u0105 jak\u0105 bym chcia\u0142, w sensie jak\u0105 lubi\u0119 najbardziej. Czasami gdzie\u015b go\u015bcinnie, ale zacz\u0119\u0142o si\u0119 od tego, \u017ce pozna\u0142em ch\u0142opak\u00f3w kt\u00f3rzy grali bluesa, takiego klasycznego albo delikatnego rocka i tak wysz\u0142o. Zacz\u0105\u0142em bra\u0107 udzia\u0142 w r\u00f3\u017cnych przegl\u0105dach, konkursach, gdzie&nbsp; on&nbsp; w\u0142a\u015bnie dominowa\u0142, a p\u00f3\u017aniej nagle cz\u0142owiek si\u0119 przeni\u00f3s\u0142 do wielkiego \u015bwiata &#8222;ala Warszawa&#8221;, gdzie r\u00f3\u017cne stacje radiowe m\u00f3wi\u0142y co jest trendy itd. i nagle trzeba by\u0142o si\u0119 zderzy\u0107 z inn\u0105 rzeczywisto\u015bci\u0105, zmieni\u0107 troszeczk\u0119 klimat&#8230; ale ja jako\u015b nie mia\u0142em z tym problem\u00f3w i moja osoba na szcz\u0119\u015bcie przez to nie ucierpia\u0142a. Nie widzia\u0142em problemu w za\u015bpiewaniu czego\u015b innego ni\u017c to z czym zaczyna\u0142 zesp\u00f3\u0142 Fama. Nigdy mi nie przeszkadza\u0142o czy jest to blues czy co\u015b innego.<\/p>\n<p style=\"text-align: justify\"><strong>O: Skoro nie przeszkadza Ci zmiana stylu, dlaczego nie gra\u0142e\u015b nigdy tego co by\u015b chcia\u0142?<\/strong><\/p>\n<p style=\"text-align: justify\">T: Wiesz, generalnie jest to muzyka skrajna, mo\u017ce nie a\u017c tak strasznie ale zawsze chcia\u0142em gra\u0107 ci\u0119\u017ck\u0105 muzyk\u0119&#8230;mo\u017ce przesadzam, ale s\u0142ucham ci\u0119\u017ckich brzmie\u0144 i chcia\u0142em gra\u0107 co\u015b ala heavy metal, thrash metal. Nie m\u00f3wi\u0119 o death metalu, czy czym\u015b ci\u0119\u017cszym, ale og\u00f3lnie metal jak to si\u0119 m\u00f3wi. A tak naprawd\u0119 gram od dziecka z tat\u0105 w kapeli ludowej, p\u00f3\u017aniej mia\u0142em d\u0142ug\u0105 przygod\u0119 z graniem po weselach, poniewa\u017c trzeba by\u0142o zarabia\u0107 na \u017cycie, a w ko\u0144cu cz\u0142owiek wyl\u0105dowa\u0142 w bluesie.<\/p>\n<p style=\"text-align: justify\"><strong>O: Jak to jest gra\u0107 w kapeli folkowej? Nie jest to u nas powa\u017cnie traktowany gatunek, a kapela &#8222;Mariany&#8221; odnosi\u0142a liczne sukcesy.<\/strong><\/p>\n<p style=\"text-align: justify\">T: W sumie jak ja ju\u017c zacz\u0105\u0142em gra\u0107 z ojcem, to by\u0142o wiele tych koncert\u00f3w&#8230; Koncert to mo\u017ce jednak zbyt wiele powiedziane, po prostu wyst\u0119py. Tata nigdy nie m\u00f3wi\u0142 o koncertach, tylko raczej o wyst\u0119pach. Generalnie nie ma znaczenia czy cz\u0142owiek \u015bpiewa muzyk\u0119 ludow\u0105, wa\u017cne aby to mu duszy gra\u0142o i&nbsp; tak naprawd\u0119 musi czu\u0107 mas\u0119 r\u00f3\u017cnych klimat\u00f3w. Ja nie mia\u0142em z tym nigdy problem\u00f3w, chocia\u017c te wyjazdy z kapel\u0105 ludow\u0105 by\u0142y bardziej rock&#8217;n&#8217;rollowe ni\u017c z innymi lud\u017ami, z kt\u00f3rymi gra\u0142em nie raz. Od \u0142epka udziela\u0142em si\u0119 w r\u00f3\u017cnych projektach i nie mia\u0142o to znaczenie, czy Kowal \u015bpiewa na ludowo, czy metal odgrywa. To wszystko ze sob\u0105 wsp\u00f3\u0142gra\u0142o, najwa\u017cniejsza jest muzyka. Nie lubi\u0119 okre\u015blenia &#8222;folk&#8221;, bo to jest muzyka folklorystyczna, a folk przyszed\u0142 z zachodu. Kapele folkowe \u0142\u0105czy\u0142y si\u0119 z r\u00f3\u017cnymi innymi gatunkami tak jakby chocia\u017c Enej, kt\u00f3rego muzycy \u0142\u0105cz\u0105 r\u00f3\u017cne klimaty muzyczne, a Marciny z Marcinowa graj\u0105 od 1979. W pierwszym sk\u0142adzie byli sami faceci, p\u00f3\u017aniej ich \u017cony zacz\u0119\u0142y si\u0119 buntowa\u0107 i nast\u0105pi\u0142o do\u0142\u0105czenie pa\u0144 do sk\u0142adu. Rzeczywi\u015bcie kapela ta wygrywa\u0142a, aczkolwiek ojciec rzadko chcia\u0142 bra\u0107 udzia\u0142 w r\u00f3\u017cnych przegl\u0105dach, poniewa\u017c&nbsp; uwa\u017ca\u0142, \u017ce nie by\u0142y mu potrzebne&#8230; i tak mieli\u015bmy wiele wyst\u0119p\u00f3w. Je\u015bli jednak ju\u017c nasza kapela bra\u0142a udzia\u0142 w jakim\u015b przegl\u0105dzie to m\u0142\u00f3ci\u0142a konkurencj\u0119. Z reszt\u0105 ojciec to jest taki gaw\u0119dziarz, \u017ce jego konferansjerka, czy jaki\u015b przekaz ze sceny to by\u0142o mistrzostwo \u015bwiata,wszyscy u\u015bmiechni\u0119ci i za to te\u017c ojca cz\u0119sto zapraszano, poniewa\u017c ma niesamowity dar takiego utrzymywania kontaktu z publiczno\u015bci\u0105, \u017ce chcia\u0142o si\u0119 chodzi\u0107 tylko po to, \u017ceby go pos\u0142ucha\u0107.<\/p>\n<p style=\"text-align: justify\"><strong>O: Powiedzia\u0142e\u015b, \u017ce nie lubisz okre\u015blenia&#8221;muzyka folkowa&#8221;. Powracamy wi\u0119c do terminu &#8222;muzyka ludowa&#8221;, w sumie to Ty jeste\u015b ekspertem od muzealnictwa i etnologii<\/strong>.<\/p>\n<p style=\"text-align: justify\">T: Folk brzmi nijak, muzyka jest folklorystyczna, chocia\u017c skracana jest do folku. Ja wychowa\u0142em si\u0119 na okre\u015bleniu muzyka ludowa. W taki spos\u00f3b nazywali j\u0105 Ci, kt\u00f3rzy po prostu w tej kapeli grali. To byli muzycy bez wykszta\u0142cenia, nauczeni gry na wsi: skrzypek, b\u0119bniarz, czy akordeonista. Oni nie kojarzyli tego co robi\u0105 ani z muzyk\u0105 folklorystyczn\u0105, ani folk, tylko z ludowizn\u0105. S\u0105 osobami \u017cyj\u0105cymi na wsi, ludowizna brzmi tak swojsko, a folk jako\u015b nie przemawia do mnie.<\/p>\n<p style=\"text-align: justify\"><strong>O: Marciny to fantastyczny epizod w Twoim \u017cyciu, jednak to z Fama Blues Band stan\u0105\u0142e\u015b do eliminacji IV edycji Must Be The Music mimo to na scenie pojawi\u0142e\u015b si\u0119 sam.<\/strong><\/p>\n<p style=\"text-align: justify\">T: Powiem Ci jak to by\u0142o dok\u0142adnie, Fama Blues Band to kiedy\u015b by\u0142a Fama. Zesp\u00f3\u0142, kt\u00f3ry zacz\u0105\u0142 pierwsze pr\u00f3by dosta\u0142 sprz\u0119t nag\u0142o\u015bnieniowy od knajpy &#8222;Fama&#8221; i tam nas po prostu przygarn\u0119li, pomagali nam, i tak pozosta\u0142a ta nazwa. P\u00f3\u017aniej pojawi\u0142o si\u0119 w\u0142a\u015bnie Fama Blues Band, bo zacz\u0119li\u015bmy gra\u0107 bluesa, p\u00f3\u017aniej zosta\u0142o FBB i w ko\u0144cu to si\u0119 rozpad\u0142o. Generalnie plan by\u0142 oczywi\u015bcie taki, \u017ceby wzi\u0105\u0107 udzia\u0142 z ca\u0142ym zespo\u0142em. W trakcie ostatniej pr\u00f3by przed precastingiem zosta\u0142a podj\u0119ta decyzja, a w\u0142a\u015bciwie to ch\u0142opaki wymi\u0119kli, stwierdzili, \u017ce gramy tak nieciekawie, nic nowego, \u017ce w\u0142a\u015bciwie to sobie sami zaszkodzimy, a takich zespo\u0142\u00f3w jak my to b\u0119dzie wiele itd. Ch\u0142opcy mo\u017cna powiedzie\u0107, \u017ce si\u0119 troszeczk\u0119 poddali i powiedzieli &#8222;id\u017a sam&#8221; to te\u017c b\u0119dzie dobrze, bo sam mo\u017ce lepiej sobie poradzisz. To ja powiedzia\u0142em \u017ce mam to&#8230;tratata itd. Stwierdzi\u0142em, \u017ce i tak p\u00f3jd\u0119 bo decyzj\u0119 podj\u0105\u0142em i w\u0142a\u015bciwie jak patrzy\u0142em po tym programie, bo go nie ogl\u0105da\u0142em wcze\u015bniej&nbsp; za bardzo, ewentualnie ko\u0144cowe wyst\u0119py zwyci\u0119zc\u00f3w, zazwyczaj ten nieszcz\u0119sny wokalista jest najbardziej doceniany. Faktycznie muzyk\u00f3w jest wielu, a wokalist\u00f3w oryginalnych czy naprawd\u0119 dobrych jest niewielu. Nie twierdz\u0119, \u017ce ja taki absolutnie jestem i nie twierdzi\u0142em, kiedy tam szed\u0142em. Ale jak sobie powiedzia\u0142em \u017ce p\u00f3jd\u0119 chocia\u017cby sam to tak zrobi\u0142em. Pojawi\u0142em si\u0119 tylko z koleg\u0105 Mateuszem Fr\u0105czakiem, kt\u00f3ry by\u0142 moim pianist\u0105. I tak byli\u015bmy wpisani na list\u0119 zespo\u0142\u00f3w, nie wokalist\u00f3w kt\u00f3rych tam by\u0142o mas\u0119 i \u015bpiewali na sucho. Ja na szcz\u0119\u015bcie mia\u0142em Mateusza, kt\u00f3ry mi zagra\u0142, wi\u0119c mi si\u0119 uda\u0142o.<\/p>\n<p style=\"text-align: justify\"><strong>O:MBTM zmieni\u0142o wiele w twoim \u017cyciu. Ponownie pojawi\u0142e\u015b si\u0119 ju\u017c po wypadku. Jakie to uczucie ponownie stan\u0105\u0107 na tej samej scenie, tym razem ju\u017c w innej roli?<\/strong><\/p>\n<p style=\"text-align: justify\">T: Kiedy emocje Kory si\u0119gn\u0105 zenitu to potrafi konkretnie powiedzie\u0107 to co czuje. Jak by\u0142a moja edycja&#8230; Ja raczej jestem pokorny i nigdy nie gwiazdorz\u0119, tylko z pe\u0142n\u0105 pokor\u0105 podchodz\u0119 do temat\u00f3w. By\u0107 mo\u017ce ona to wyczu\u0142a, bo ju\u017c wtedy Kora bardzo ciep\u0142o si\u0119 o mnie wypowiada\u0142a. Mam wra\u017cenie, \u017ce po tym wypadku po prostu lepiej rozumia\u0142a, co czuj\u0119, docenia\u0142a, \u017ce wr\u00f3ci\u0142em do tego co robi\u0119, bo j\u0105 tak\u017ce spotka\u0142o co\u015b przykrego, je\u015bli chodzi o jej zdrowie. Co\u015b paskudnego. By\u0107 mo\u017ce zna\u0142a to uczucie kiedy cz\u0142owiek pr\u00f3buje wr\u00f3ci\u0107 do dawnego \u017cycia i uto\u017csami\u0142a si\u0119 ze mn\u0105. Poza tym jest to bardzo wra\u017cliwa artystka, cz\u0142owiek i je\u017celi te emocje jako\u015b bardzo p\u00f3jd\u0105 w g\u00f3r\u0119, z\u0142api\u0105 za serce, to taka jest: \u017cywo reaguje, co wida\u0107 i czego nie da si\u0119 ukry\u0107. Wida\u0107 by\u0142o faktycznie po niej&#8230;Kiedy ogl\u0105da\u0142em ten program wida\u0107 by\u0142o wr\u0119cz \u0142zy w jej oczach, wi\u0119c wielki szacunek dla niej, bardzo wra\u017cliwa osoba.<\/p>\n<p style=\"text-align: justify\"><strong>O: Wspomnia\u0142e\u015b o powrocie do dawnego \u017cycia. Jeste\u015b drugim artyst\u0105, zaraz po Monice Kuszy\u0144skiej, kt\u00f3ry tak czynnie koncertuje po takim wypadku. Grasz w ma\u0142ych, ale znacz\u0105cych dla po\u0142udnia klubach jak Katofonia. Nie by\u0142o gdzie\u015b w Tobie tych wewn\u0119trznych blokad?<\/strong><\/p>\n<p style=\"text-align: justify\">T: Na szcz\u0119\u015bcie z psychik\u0105 nie mam problem\u00f3w  Kiedy\u015b topi\u0142o si\u0119 problemy w szklance w\u00f3dki, a teraz nie&#8230; Nie no \u017cartuj\u0119. Nie mam problem\u00f3w, skoro siedz\u0119, jedynie sta\u0107 nie mog\u0119 ale nad tym pracuj\u0119.<\/p>\n<p style=\"text-align: justify\"><strong>O: Spokojnie w szklance w\u00f3dki? A wiesz, \u017ce s\u0105 jeszcze osoby z Twojej okolicy, kt\u00f3re pami\u0119taj\u0105, \u017ce mo\u017cna by\u0142o od Ciebie oberwa\u0107 w r\u00f3\u017cnych sytuacjach.<\/strong><\/p>\n<p style=\"text-align: justify\">T: Ooo&#8230;<\/p>\n<p style=\"text-align: justify\"><strong>O: Kr\u0105\u017cy\u0142a teoria, \u017ce jak gdzie\u015b jest zamieszanie to jest tam Kowal tylko nie wiadomo, z kt\u00f3rym bratem.<\/strong><\/p>\n<p style=\"text-align: justify\">T: O kurcze, a\u017c tak?  Jeszcze mi powiedz tylko kto Ci tak powiedzia\u0142, a ch\u0119tnie si\u0119 z nim spotkam. No nie gadaj&#8230; No pi\u0119knie. Na szcz\u0119\u015bcie mam trzech braci, to tylko z jednym wojowa\u0142em, bo jakby si\u0119 wszyscy Kowalscy zebrali to by\u0142oby ciekawie. \u017barty, \u017cartami ale cz\u0142owiek nigdy nie powinien pozostawa\u0107 oboj\u0119tny na krzywd\u0119 innych. Wtedy si\u0119 reaguje, a czasem reaguje chocia\u017c nie trzeba&#8230;du\u017co by opowiada\u0107. W ka\u017cdym razie ciesze si\u0119, \u017ce takie informacje te\u017c dochodzi\u0142y. Wszystko si\u0119 zmieni\u0142o. Kiedy\u015b wiele lat trenowa\u0142em sztuki walki i to by\u0142a moja mi\u0142o\u015b\u0107, zdecydowanie wi\u0119ksza od muzyki. To w\u0142a\u015bnie pomog\u0142o mi po wypadku i pomaga mi w rehabilitacji, poniewa\u017c chcia\u0142bym odzyska\u0107 na tyle dobre czucie, \u017ceby m\u00f3c \u015bpiewa\u0107 na stoj\u0105co. A Monika Kuszy\u0144ska, niestety nie pozna\u0142em, ale super, ze dziewczyna&nbsp; wr\u00f3ci\u0142a do koncert\u00f3w, \u015bpiewania. Ja natomiast na \u015al\u0105sku koncert\u00f3w ju\u017c si\u0119 nie mog\u0119 doczeka\u0107. Kilka klub\u00f3w odwiedz\u0119, faktycznie cz\u0119\u015b\u0107 nie jest zbyt wielka ale fajnie jak jest chocia\u017cby jedna osoba na sali i s\u0142ucha i jej si\u0119 podoba. Niewa\u017cna&nbsp; ilo\u015b\u0107, wa\u017cna jako\u015b\u0107.<\/p>\n<p style=\"text-align: justify\"><strong>O: Jeste\u015b na rynku ju\u017c d\u0142ugi czas, a w ci\u0105gu ostatnich kilku lat widzimy ewidentny spadek zainteresowania koncertami. W ma\u0142ych pubach mieszcz\u0105cych kiedy\u015b kilkadziesi\u0105t os\u00f3b, dzi\u015b pojawia si\u0119 zaledwie klika &#8211; kilkana\u015bcie. Jak to wygl\u0105da z Twojej perspektywy?<\/strong><\/p>\n<p style=\"text-align: justify\">T: Musz\u0119 przyzna\u0107, \u017ce p\u00f3ki co jak si\u0119 gdzie\u015b pojawia\u0142em, to by\u0142em zaskoczony frekwencj\u0105, bo zawsze ta przys\u0142owiowa rzesza ludzi by\u0142a. To by\u0142o mi\u0142e, \u017ce Ci ludzie potrafili wyj\u015b\u0107 z dom\u00f3w, bo wiadomo, ta \u0142atwo\u015b\u0107 dost\u0119pu przez internet, telewizj\u0119 faktycznie powoduje, \u017ce na koncerty chodzi coraz mniej os\u00f3b. Sprawdzaj\u0105 co maj\u0105 w komputerze czy co leci w radiu i tyle. Licz\u0119 na to, \u017ce to w jaki spos\u00f3b chc\u0119 da\u0107 sw\u00f3j przekaz ludziom, ta usilna pr\u00f3ba powrotu do zdrowia z dawnego czasu, motywuje ludzi do tego, \u017ceby przyj\u015b\u0107 i zobaczy\u0107 tego kolesia na w\u00f3zku. By\u0107 mo\u017ce to przemawia, motywuje ludzi, a mnie to cieszy bo tak jak cz\u0119sto m\u00f3wi\u0119,pisz\u0119 jest to szukanie pozytyw\u00f3w po takim wypadku. To by\u0107 mo\u017ce jest jeden z takich pozytywniejszych aspekt\u00f3w tego wszystkiego. Niestety, ale ten wypadek sprawi\u0142, \u017ce by\u0107 mo\u017ce zaciekawiam ludzi, \u017ce chce si\u0119 im przyj\u015b\u0107 na koncert i zobaczy\u0107 tego go\u015bcia, kt\u00f3ry walczy i \u015bpiewa na tym w\u00f3zku. Oczywi\u015bcie media maj\u0105 to gdzie\u015b tam, ale to ma minimalne znaczenie, bo nie robi\u0119 tego dla nich, tylko dla ludzi. Chc\u0119 udowodni\u0107 sam sobie, \u017ce to wszystko mia\u0142o sens. Na Woodstocku to by\u0142a rzecz, kt\u00f3rej nie zrobi\u0142 \u017caden inny cz\u0142owiek na \u015bwiecie, a przecie\u017c na \u015bwiecie jest masa niepe\u0142nosprawnych wokalist\u00f3w, ale \u017caden nie wyst\u0105pi\u0142 do tej pory przed tak\u0105 mas\u0105 ludzi, w takiej maszynie, a mimo to media nie s\u0105 tym zainteresowane. To po raz kolejny udowadnia jak media interesuj\u0105 si\u0119 losem ludzi takich jak ja, a to jest cios. Oczywi\u015bcie mo\u017cna relacjonowa\u0107 gale, czy kto si\u0119 w co ubra\u0142, co komu by\u0142o wida\u0107&#8230;\u017cenada po prostu. Jak kto\u015b zrobi co\u015b co dla ludzi, co\u015b co jest mega motywuj\u0105ce ich to nie obchodzi. A mo\u017ce taki wyst\u0119p z Kub\u0105 P\u0142uciszem m\u00f3g\u0142by im poprawi\u0107 humor, \u015bwiat jest r\u00f3\u017cny i r\u00f3\u017cne rzeczy si\u0119 na nim dziej\u0105, ale wi\u0119kszo\u015b\u0107 musi si\u0119 sama boryka\u0107 ze swoimi problemami. Media natomiast zajmuj\u0105 si\u0119 innymi rzeczami i to jest chore.<\/p>\n<p style=\"text-align: justify\"><strong>O: St\u0105d pomys\u0142 na &#8222;Mam wyzwanie&#8221;?<\/strong><\/p>\n<p style=\"text-align: justify\">T: Nie by\u0142 to m\u00f3j pomys\u0142. Generalnie to by\u0142a propozycja firmy Ergo Hestia i dobrze dla mnie, poniewa\u017c bardzo mi to pomog\u0142o si\u0119 otworzy\u0107. Do tej pory nie pisa\u0142em o sobie, chyba, \u017ce tworzy\u0142em tekst do jakiego\u015b kawa\u0142ka. Mam wyzwanie okaza\u0142o si\u0119 fajnym pomys\u0142em, kt\u00f3ry trafi\u0142 do sporej grupy ludzi.<\/p>\n<p style=\"text-align: justify\"><strong>O: Skoro o Ergo Hestii mowa. To przy wsp\u00f3\u0142pracy z nimi powsta\u0142 teledysk do jednego z Twoich utwor\u00f3w, pojawi\u0142y si\u0119 koncerty na pomorzu.<\/strong><\/p>\n<p style=\"text-align: justify\">T: Tutaj jest mowa o ca\u0142ej wsp\u00f3\u0142pracy. To jest mo\u017cna by rzec zrz\u0105dzenie losu, kolejny pozytywny aspekt tego wszystkiego. Firma Ergo Hestia w rok mojego wypadku rozpoczyna\u0142a tak\u0105 akcj\u0119 pomocy poszkodowanym, nie ko\u0144cz\u0105cej si\u0119 na wyp\u0142acie odszkodowania. Powsta\u0142a firma fizjoterapeutyczna&nbsp; przy Ergo Hestii w Sopocie. Jako pierwsza firma w Polsce zacz\u0119li pomaga\u0107 pacjentom po wypadkach w powrocie do normalnego \u017cycia. Ja sta\u0142em si\u0119 ambasadorem tej akcji, bo nagle okaza\u0142o si\u0119, \u017ce osoba, kt\u00f3ra spowodowa\u0142a m\u00f3j wypadek by\u0142a u nich ubezpieczona i firma ta si\u0119 mn\u0105 zaj\u0119\u0142a. Jakby to uj\u0105\u0107, spad\u0142em im z nieba, no i generalnie Ergo Hestia wspar\u0142a moje rehabilitacj\u0119, egzoszkielet w kt\u00f3rym pracuj\u0119, nale\u017cy do nich. Teledysk powsta\u0142 te\u017c po to,\u017ceby pokaza\u0107 ludziom, ze po wypadkach mo\u017cna normalnie \u017cy\u0107, cho\u0107by \u015bpiewa\u0107. Ca\u0142y czas pokazywali na moim przyk\u0142adzie, \u017ce nie nale\u017cy poddawa\u0107 si\u0119 przy rehabilitacji. Otworzyli genialny program i mam nadziej\u0119, \u017ce wi\u0119cej firm ubezpieczeniowych w to b\u0119dzie si\u0119 anga\u017cowa\u0107, \u017ceby pomoc poszkodowanym nie ko\u0144czy\u0142a si\u0119 na ubezpieczeniu. Tak to wysz\u0142o i bardzo si\u0119 ciesz\u0119. Do tej pory mam z nimi \u015bwietny kontakt, poza tym Ergo Hestia zorganizowa\u0142a mi du\u017co koncert\u00f3w. By\u0142y to fantastyczne koncerty i mam nadziej\u0119, \u017ce jeszcze kiedy\u015b tam pojad\u0119.<\/p>\n<p style=\"text-align: justify\"><strong>O: Zar\u00f3wno teledysk jak i ca\u0142y utw\u00f3r &#8222;Na ko\u0144cu drogi&#8221; jest ballad\u0105 radiow\u0105. \u015awietnym kawa\u0142kiem do codziennego \u017cycia i sk\u0105d taki ci\u0105g w stron\u0119 popkultury u osoby, kt\u00f3ra zwi\u0105zana jest raczej z nisz\u0105. Nagrody im. Tadeusza Nalepy nie ma na swoim koncie ka\u017cdy tw\u00f3rca grany w radiu.<\/strong><\/p>\n<p style=\"text-align: justify\">T: Generalnie z tego nie da si\u0119 wyj\u015b\u0107. Popkultura&#8230;ta kultura moim zdaniem jest wsz\u0119dzie. W kt\u00f3r\u0105 stron\u0119 by\u015bmy nie ruszyli to i tak do nowego miejsca nie dojdziemy. Ja nie chc\u0119 znik\u0105d wyj\u015b\u0107. Moja tw\u00f3rczo\u015b\u0107 to dopiero&#8230; Ju\u017c dawno powinienem wydawa\u0107 co najmniej drug\u0105 p\u0142yt\u0119,  a tu chwilowo tylko epki itp. Wszystko si\u0119 w czasie przesuwa, bo ci\u0105gle co\u015b. Szukaj\u0105c mnie po internecie to mo\u017cna odnale\u017a\u0107 dwa, trzy utwory. Mimo, \u017ce z FBB mieli\u015bmy sporo utwor\u00f3w i to takich unikatowych. Przy mieszance kilku styl\u00f3w w jednej kapeli musi wyj\u015b\u0107 co\u015b ciekawego&#8230; ciekawego, tak sobie wmawiam. FBB si\u0119 rozpad\u0142o, zmienili\u015bmy sk\u0142ad i teraz z nowym projektem nagrywamy p\u0142yt\u0119, wprawdzie nie zdradz\u0119 daty premiery. &#8222;Na ko\u0144cu drogi&#8221; znajdzie si\u0119 jednak na solowej p\u0142ycie i fakt, faktem jest to bardzo klarowny utw\u00f3r. Muzyka jest prosta,a teksty to ju\u017c tajemnica tw\u00f3rcy.<\/p>\n<p style=\"text-align: justify\"><strong>O: Longplay jest nadal Twoim niespe\u0142nionym marzeniem, jednak prace nad nim trwaj\u0105. Zdrad\u017a nam, czego mo\u017cemy si\u0119 po nim spodziewa\u0107. To b\u0119dzie mieszanka wybuchowa, czy raczej spokojny kr\u0105\u017cek na jesienne wieczory?<\/strong><\/p>\n<p style=\"text-align: justify\">T: Generalnie nie b\u0119dzie to nic odkrywczego, \u017caden nowy gatunek muzyczny, po\u0142\u0105czenie jazzu ze \u015bpiewem s\u0142owika w lesie i disco polo. No nie, tam si\u0119 nie pojawi&#8230; Ale b\u0119dzie to p\u0142yta mieszana. Jeden numer na 100% b\u0119dzie sprzed wypadku, z reszt\u0105 &#8222;Za zas\u0142on\u0105&#8221; znajduje si\u0119 na yt. P\u0142yta b\u0119dzie po\u0142\u0105czeniem bluesa, czego\u015b ci\u0119\u017cszego &#8222;ala rock&#8221; ale b\u0119dzie i poprock&#8230; A dlaczego tak b\u0119dzie? Po prostu chodzi o osoby, kt\u00f3re na moim fb cz\u0119sto pisz\u0105, komentuj\u0105. S\u0105 to zar\u00f3wno dzieci, jak i doro\u015bli,nawet bardzo ludzie, nawet du\u017co starsze. Mam nadziej\u0119, \u017ce na tej p\u0142ycie ka\u017cdy znajdzie co\u015b dla siebie. Jaki\u015b jeden kawa\u0142ek, kt\u00f3ry b\u0119dzie w jego klimacie.<\/p>\n<p style=\"text-align: justify\"><strong>O: Podobne zdanie pad\u0142o w kontek\u015bcie jednej z pierwszych p\u0142yt D\u017cemu. Czy\u017cby ta inspiracja postaci\u0105 Ry\u015bka by\u0142a a\u017c tak silna? Jakby nie by\u0142o wasze historie mocno si\u0119 splot\u0142y ze sob\u0105.<\/strong><\/p>\n<p style=\"text-align: justify\">T: No tak. W moim odczuciu bardzo, poniewa\u017c utw\u00f3r D\u017cemu &#8222;Modlitwa Trzy: Pozw\u00f3l Mi&#8221; zapewni\u0142 mi zwyci\u0119stwo w MBTM, bo jestem pewien, ze tylko ten jeden utw\u00f3r. P\u00f3\u017aniej okaza\u0142o si\u0119, \u017ce Rysiek dalej mi towarzyszy, bo przez przypadek&#8230;Czy ja wiem, czy przez przypadek? Po prostu wzi\u0105\u0142em udzia\u0142 w castingu do roli Ry\u015bka w Teatrze \u015al\u0105skim i uda\u0142o mi si\u0119 zagra\u0107 posta\u0107 Rysia w teatrze, a wtedy pozna\u0142em lepiej jego biografi\u0119. Widzia\u0142em miejsca w kt\u00f3rych bywa\u0142, bo w ko\u0144cu G\u00f3rny \u015al\u0105sk, Tychy, Chorz\u00f3w, czy Katowice, tam mieszka\u0142 i tworzy\u0142, a dla mnie nadal jest wyj\u0105tkow\u0105 postaci\u0105 i ca\u0142y czas mi towarzyszy. \u015apiewa\u0142em wiele utwor\u00f3w D\u017cemu w teatrze i jakby&nbsp; nie mog\u0119 odej\u015b\u0107 ju\u017c od tych utwor\u00f3w i nawet nie chc\u0119, bo s\u0105 rewelacyjne. Szczeg\u00f3lnie teksty zwracaj\u0105 uwag\u0119, w kt\u00f3rych&nbsp; Rysiu pisa\u0142 biograficzne w\u0105tki i to one w po\u0142\u0105czeniu z muzyk\u0105 s\u0105 mistrzowskie. Chcia\u0142bym w\u0142a\u015bnie \u017ceby moja p\u0142yta by\u0142a tak uniwersalna jak muzyka D\u017cemu. Niekt\u00f3re utwory wgniataj\u0105 w fotel, jak to si\u0119 kolokwialnie m\u00f3wi.<\/p>\n<p style=\"text-align: justify\"><strong>O: Jak czu\u0142e\u015b wcielaj\u0105c si\u0119 w legend\u0119. Cz\u0142owieka, kt\u00f3rego mamy jeszcze w pami\u0119ci, kt\u00f3ry ci\u0105gle \u017cyje mi\u0119dzy nami, bezwzgl\u0119gu na pokolenie. Cz\u0142owieka innego ni\u017c wszyscy<\/strong>.<\/p>\n<p style=\"text-align: justify\">T:&nbsp; Innego ni\u017c wszyscy&#8230; m\u00f3wili kiedy\u015b tak o mnie,a teraz to ju\u017c w og\u00f3le. Kiedy\u015b artysta, muzyk rockowy kojarzony by\u0142 z pijakiem, narkomanem, mo\u017ce nadal tak jest. Ja na szcz\u0119\u015bcie by\u0142em przeciwie\u0144stwem tego, w tym \u015brodowisku muzyk\u00f3w to te\u017c &#8222;a bo z Kowalem to nie&#8221;, &#8221; a bo Kowal to sportowiec&#8221; itd. Inny wzorzec&#8230; To dlatego rozumia\u0142em troszeczk\u0119, jak by\u0107 innym od reszty \u015bwiata, w kt\u00f3rym jestem i to bardzo po\u0142\u0105czy\u0142o mnie z Ry\u015bkiem, a poza tym nie wiem czemu pierwszy raz w 1999 roku za\u015bpiewa\u0142em pierwszy raz D\u017cem. Musz\u0119 si\u0119 przyzna\u0107, \u017ce nie \u015bpiewa\u0142em wcze\u015bniej D\u017cemu, zawsze ci\u0119\u017csze klimaty. Dopiero jak pozna\u0142em ch\u0142opak\u00f3w z zespo\u0142u Fama zacz\u0105\u0142em si\u0119ga\u0107 do ich muzyki. Wiadomo, \u017ce od \u0142epka zna\u0142o si\u0119 pojedyncze utwory tak jak Whisky, bo to najsilniejszy utw\u00f3r. Mimo, \u017ce jaki\u015b czas gra\u0142em i \u015bpiewa\u0142em to D\u017cem nie wchodzi\u0142 w rachub\u0119, wszystko si\u0119 zmieni\u0142o, kiedy koledzy z zespo\u0142u kazali mi si\u0119 nauczy\u0107 Listu do M. Pos\u0142ucha\u0142em Ry\u015bka raz, wy\u0142\u0105czy\u0142em i za\u015bpiewa\u0142em po swojemu ale okaza\u0142o si\u0119, \u017ce ta tw\u00f3rczo\u015b\u0107 sta\u0142a si\u0119 mi na tyle bliska, \u017ce &#8222;spotykali\u015bmy si\u0119 &#8221; muzycznie z Ry\u015bkiem na scenie ju\u017c cz\u0119\u015bciej.<\/p>\n<p style=\"text-align: justify\"><strong>O: Chcia\u0142am wr\u00f3ci\u0107 na chwil\u0119 do dnia premiery &#8222;Skazanego na Bluesa&#8221; w Teatrze \u015al\u0105skim. Pami\u0119tamy ogromny sukces tego spektaklu po katastrofie jak\u0105 okaza\u0142 si\u0119 film. Mia\u0142 on by\u0107 genialn\u0105 biografi\u0105, a by\u0142 klap\u0105, kt\u00f3ra&nbsp; wypaczy\u0142 obraz Ry\u015bka dla wielu pokole\u0144. Pami\u0119tam wypowiedzi Sebastiana,kt\u00f3ry ukazywa\u0142 ojca zupe\u0142nie w innej ods\u0142onie, wspomina\u0142 koncerty, wycieczki. Jak to wygl\u0105da\u0142o z waszej strony? Nie obawiali\u015bcie si\u0119, \u017ce spektakl mo\u017ce powt\u00f3rzy\u0107 histori\u0119 filmu?<\/strong><\/p>\n<p style=\"text-align: justify\">T: Generalnie film nie by\u0142 klap\u0105. Nikt w rzeczywisto\u015bci Ry\u015bka nie zna\u0142, nie wiedzia\u0142 czy film by\u0142 prawdziwy, czy nie. Mnie si\u0119 wydaje, \u017ce legenda Ry\u015bka w Polsce jest taka jaka jest. Film obejrza\u0142y setki os\u00f3b, kt\u00f3re p\u0142aka\u0142y, nie zdaj\u0105c sobie sprawy z tego jaki by\u0142. Nie znali fakt\u00f3w. Dopiero p\u00f3\u017aniej Sebastian, czy Ma\u0142gorzata, nie\u017cyj\u0105ca ju\u017c niestety, zacz\u0119li m\u00f3wi\u0107, \u017ce film sk\u0142ama\u0142. Znam Sebastiana, jeste\u015bmy kolegami, du\u017co rozmawiali\u015bmy o tacie i mimo, \u017ce jest bardzo oszcz\u0119dny w s\u0142owach nigdy nie potwierdzi\u0142, \u017ce by\u0142 to taki cz\u0142owiek jak w filmie. Je\u015bli chodzi o nasz spektakl, nie by\u0142o tam a\u017c tylu drastycznych scen jak w filmie. By\u0142 tam podzia\u0142 na dwa akty. Pierwszy by\u0142 bardzo weso\u0142y i to bym powiedzia\u0142 by\u0142o pi\u0119kne, bo Ry\u015bka \u017cycie by\u0142o weso\u0142e. Drugi akt nawi\u0105zywa\u0142 ju\u017c do tego, ze na\u0142\u00f3g zdominowa\u0142 \u017cycie, faktycznie pokazywa\u0142 upadek cz\u0142owieka. Mimo tego wszystkiego spektakl pokaza\u0142 Ry\u015bka w roli super ojca, zainteresowanego synem, a nie jak w filmie obcy. To jest jednak prawo kina, scenariusz musi pog\u0142\u0119bi\u0107 smutek widza, \u017ceby zdoby\u0107 odpowiedni efekt. Ja si\u0119 nie ba\u0142em, szczerze nawet o tym nie my\u015bla\u0142em, bo jeszcze nie zna\u0142em wtedy \u017cyciorysu Ry\u015bka jak powiedzmy teraz. Film widzia\u0142em mo\u017ce raz, \u017ceby w\u0142a\u015bnie nie sugerowa\u0107 si\u0119. Czasami wbrew zaleceniom Arka Jakubika, kt\u00f3ry by\u0142 re\u017cyserem, poniewa\u017c on chcia\u0142, \u017cebym gra\u0142 Ry\u015bka jako takie wieczne ciep\u0142e kluchy. Mia\u0142 by\u0107 wiecznie rozmarzony, zamulony, na\u0107pany czy nie wiem jak to okre\u015bli\u0107, bez energii. To na szcz\u0119\u015bcie by\u0142a moja decyzja, kt\u00f3ra okaza\u0142a si\u0119 strza\u0142em w dziesi\u0105tk\u0119, poniewa\u017c Rysiek nie by\u0142 cz\u0142owiekiem, kt\u00f3ry ba\u0142 si\u0119 swojego cienia. Z tego co wiem, nigdy nie uda\u0142o si\u0119 nikomu nakry\u0107 go na przyjmowaniu kolejnej dzia\u0142ki, zawsze to ukrywa\u0142, a z tego co wiem to by\u0142 wspania\u0142ym ojcem i d\u0142ugo by mo\u017cna na jego temat rozmawia\u0107.<\/p>\n<p style=\"text-align: justify\"><strong>O: O takich ludziach mo\u017cna rozmawia\u0107 godzinami. Mam nadziej\u0119, \u017ce nast\u0119pnym razem b\u0119dziemy tak d\u0142ugo dyskutowa\u0107 ju\u017c o Twojej p\u0142ycie. Dzi\u0119kuj\u0119 serdecznie za wywiad.<\/strong><\/p>\n<p style=\"text-align: justify\">T: Dzi\u0119ki<\/p>\n","protected":false},"excerpt":{"rendered":"<p>https:\/\/www.youtube.com\/watch?v=lDTX8cn9pLE Tomek &#8222;Kowal&#8221; Kowalski &#8211; zwyci\u0119zca IV edycji Must Be The Music, wokalista, muzyk, zwi\u0105zany rol\u0105 Ryszarda Riedela z Teatrem \u015al\u0105skim &#8211; cz\u0142owiek, kt\u00f3ry ka\u017cdego dnia udowadnia nie tylko sobie ale i innym, \u017ce walczy si\u0119 do samego ko\u0144ca. Zapraszam was do lektury. rozmawia\u0142a :&nbsp; Oliwia D\u0142ugosz Radio UKSW O: Witam,chcia\u0142am zacz\u0105\u0107 od samego pocz\u0105tku, [&hellip;]<\/p>\n","protected":false},"author":7,"featured_media":5629,"comment_status":"open","ping_status":"closed","sticky":false,"template":"","format":"standard","meta":{"_acf_changed":false,"inline_featured_image":false,"footnotes":"","_links_to":"","_links_to_target":""},"categories":[1],"tags":[],"class_list":["post-3300","post","type-post","status-publish","format-standard","has-post-thumbnail","hentry","category-aktualnosci"],"acf":[],"_links":{"self":[{"href":"https:\/\/radio.uksw.edu.pl\/pl\/wp-json\/wp\/v2\/posts\/3300","targetHints":{"allow":["GET"]}}],"collection":[{"href":"https:\/\/radio.uksw.edu.pl\/pl\/wp-json\/wp\/v2\/posts"}],"about":[{"href":"https:\/\/radio.uksw.edu.pl\/pl\/wp-json\/wp\/v2\/types\/post"}],"author":[{"embeddable":true,"href":"https:\/\/radio.uksw.edu.pl\/pl\/wp-json\/wp\/v2\/users\/7"}],"replies":[{"embeddable":true,"href":"https:\/\/radio.uksw.edu.pl\/pl\/wp-json\/wp\/v2\/comments?post=3300"}],"version-history":[{"count":2,"href":"https:\/\/radio.uksw.edu.pl\/pl\/wp-json\/wp\/v2\/posts\/3300\/revisions"}],"predecessor-version":[{"id":5631,"href":"https:\/\/radio.uksw.edu.pl\/pl\/wp-json\/wp\/v2\/posts\/3300\/revisions\/5631"}],"wp:featuredmedia":[{"embeddable":true,"href":"https:\/\/radio.uksw.edu.pl\/pl\/wp-json\/wp\/v2\/media\/5629"}],"wp:attachment":[{"href":"https:\/\/radio.uksw.edu.pl\/pl\/wp-json\/wp\/v2\/media?parent=3300"}],"wp:term":[{"taxonomy":"category","embeddable":true,"href":"https:\/\/radio.uksw.edu.pl\/pl\/wp-json\/wp\/v2\/categories?post=3300"},{"taxonomy":"post_tag","embeddable":true,"href":"https:\/\/radio.uksw.edu.pl\/pl\/wp-json\/wp\/v2\/tags?post=3300"}],"curies":[{"name":"wp","href":"https:\/\/api.w.org\/{rel}","templated":true}]}}