{"id":3287,"date":"2016-07-29T00:00:00","date_gmt":"2016-07-29T00:00:00","guid":{"rendered":"http:\/\/pc-4\/uksw\/radio-uksw-wita-papieza\/"},"modified":"2022-12-21T06:21:11","modified_gmt":"2022-12-21T05:21:11","slug":"radio-uksw-wita-papieza","status":"publish","type":"post","link":"https:\/\/radio.uksw.edu.pl\/radio-uksw-wita-papieza\/","title":{"rendered":"Radio UKSW wita Papie\u017ca!"},"content":{"rendered":"<p>Nasi redaktorzy podczas wakacji pr\u0119\u017cnie dzia\u0142aj\u0105 w terenie. Paulina Eliza Godlewska jest teraz w Krakowie, gdzie odbywaj\u0105 si\u0119 \u015awiatowe Dni M\u0142odzie\u017cy. Specjalnie dla Was nagra\u0142a przyjazd Papie\u017ca Franciszka.<\/p>\n<div style=\"width: 426px;\" class=\"wp-video\"><!--[if lt IE 9]><script>document.createElement('video');<\/script><![endif]-->\n<video class=\"wp-video-shortcode\" id=\"video-3287-1\" width=\"426\" height=\"320\" preload=\"metadata\" controls=\"controls\"><source type=\"video\/mp4\" src=\"https:\/\/radio.uksw.edu.pl\/wp-content\/uploads\/sites\/32\/2016\/07\/\u015aDM.mp4?_=1\" \/><a href=\"https:\/\/radio.uksw.edu.pl\/wp-content\/uploads\/sites\/32\/2016\/07\/\u015aDM.mp4\">https:\/\/radio.uksw.edu.pl\/wp-content\/uploads\/sites\/32\/2016\/07\/\u015aDM.mp4<\/a><\/video><\/div>\n","protected":false},"excerpt":{"rendered":"<p>Nasi redaktorzy podczas wakacji pr\u0119\u017cnie dzia\u0142aj\u0105 w terenie. Paulina Eliza Godlewska jest teraz w Krakowie, gdzie odbywaj\u0105 si\u0119 \u015awiatowe Dni M\u0142odzie\u017cy. Specjalnie dla Was nagra\u0142a przyjazd Papie\u017ca Franciszka.<\/p>\n","protected":false},"author":7,"featured_media":5632,"comment_status":"open","ping_status":"closed","sticky":false,"template":"","format":"standard","meta":{"_acf_changed":false,"inline_featured_image":false,"footnotes":"","_links_to":"","_links_to_target":""},"categories":[1],"tags":[],"class_list":["post-3287","post","type-post","status-publish","format-standard","has-post-thumbnail","hentry","category-aktualnosci"],"acf":[],"_links":{"self":[{"href":"https:\/\/radio.uksw.edu.pl\/pl\/wp-json\/wp\/v2\/posts\/3287","targetHints":{"allow":["GET"]}}],"collection":[{"href":"https:\/\/radio.uksw.edu.pl\/pl\/wp-json\/wp\/v2\/posts"}],"about":[{"href":"https:\/\/radio.uksw.edu.pl\/pl\/wp-json\/wp\/v2\/types\/post"}],"author":[{"embeddable":true,"href":"https:\/\/radio.uksw.edu.pl\/pl\/wp-json\/wp\/v2\/users\/7"}],"replies":[{"embeddable":true,"href":"https:\/\/radio.uksw.edu.pl\/pl\/wp-json\/wp\/v2\/comments?post=3287"}],"version-history":[{"count":1,"href":"https:\/\/radio.uksw.edu.pl\/pl\/wp-json\/wp\/v2\/posts\/3287\/revisions"}],"predecessor-version":[{"id":5354,"href":"https:\/\/radio.uksw.edu.pl\/pl\/wp-json\/wp\/v2\/posts\/3287\/revisions\/5354"}],"wp:featuredmedia":[{"embeddable":true,"href":"https:\/\/radio.uksw.edu.pl\/pl\/wp-json\/wp\/v2\/media\/5632"}],"wp:attachment":[{"href":"https:\/\/radio.uksw.edu.pl\/pl\/wp-json\/wp\/v2\/media?parent=3287"}],"wp:term":[{"taxonomy":"category","embeddable":true,"href":"https:\/\/radio.uksw.edu.pl\/pl\/wp-json\/wp\/v2\/categories?post=3287"},{"taxonomy":"post_tag","embeddable":true,"href":"https:\/\/radio.uksw.edu.pl\/pl\/wp-json\/wp\/v2\/tags?post=3287"}],"curies":[{"name":"wp","href":"https:\/\/api.w.org\/{rel}","templated":true}]}}