{"id":3286,"date":"2016-07-13T00:00:00","date_gmt":"2016-07-13T00:00:00","guid":{"rendered":"http:\/\/pc-4\/uksw\/tworzymy-historie-ruszylo-73-tour-de-pologne\/"},"modified":"2022-12-21T06:22:54","modified_gmt":"2022-12-21T05:22:54","slug":"tworzymy-historie-ruszylo-73-tour-de-pologne","status":"publish","type":"post","link":"https:\/\/radio.uksw.edu.pl\/tworzymy-historie-ruszylo-73-tour-de-pologne\/","title":{"rendered":"Tworzymy histori\u0119!!! Ruszy\u0142o 73. Tour de Pologne"},"content":{"rendered":"<p>Pierwszy etap 73. Tour de Pologne rozpocz\u0105\u0142 si\u0119 12 lipca w podwarszawskim Radzyminie. Wy\u015bcig zako\u0144czy si\u0119 w przysz\u0142y poniedzia\u0142ek w Krakowie. Tegoroczny Tour de Pologne rozgrywany jest pod has\u0142em \u201eSzlakiem historii\u201d, a start w Radzyminie to nawi\u0105zanie do Bitwy Warszawskiej z 1920 roku i znacz\u0105cej roli, jak\u0105 odegrali w niej cz\u0142onkowie Warszawskiego Towarzystwa Cyklist\u00f3w. Radio UKSW tak\u017ce by\u0142o wczoraj na miejscu. O wy\u015bcigu z organizatorem Tour de Pologne, wicemistrzem olimpijskim oraz dwukrotnym medalist\u0105 szosowych mistrzostw \u015bwiata, Czes\u0142awem Langiem, rozmawia\u0142a Anna Gawro\u0144ska-Piotrowska.<\/p>\n<!--[if lt IE 9]><script>document.createElement('audio');<\/script><![endif]-->\n<audio class=\"wp-audio-shortcode\" id=\"audio-3286-1\" preload=\"none\" style=\"width: 100%;\" controls=\"controls\"><source type=\"audio\/mpeg\" src=\"https:\/\/radio.uksw.edu.pl\/wp-content\/uploads\/sites\/32\/2016\/07\/wywiad.mp3?_=1\" \/><a href=\"https:\/\/radio.uksw.edu.pl\/wp-content\/uploads\/sites\/32\/2016\/07\/wywiad.mp3\">https:\/\/radio.uksw.edu.pl\/wp-content\/uploads\/sites\/32\/2016\/07\/wywiad.mp3<\/a><\/audio>\n","protected":false},"excerpt":{"rendered":"<p>Pierwszy etap 73. Tour de Pologne rozpocz\u0105\u0142 si\u0119 12 lipca w podwarszawskim Radzyminie. Wy\u015bcig zako\u0144czy si\u0119 w przysz\u0142y poniedzia\u0142ek w Krakowie. Tegoroczny Tour de Pologne rozgrywany jest pod has\u0142em \u201eSzlakiem historii\u201d, a start w Radzyminie to nawi\u0105zanie do Bitwy Warszawskiej z 1920 roku i znacz\u0105cej roli, jak\u0105 odegrali w niej cz\u0142onkowie Warszawskiego Towarzystwa Cyklist\u00f3w. Radio [&hellip;]<\/p>\n","protected":false},"author":7,"featured_media":5634,"comment_status":"open","ping_status":"closed","sticky":false,"template":"","format":"standard","meta":{"_acf_changed":false,"inline_featured_image":false,"footnotes":"","_links_to":"","_links_to_target":""},"categories":[1],"tags":[],"class_list":["post-3286","post","type-post","status-publish","format-standard","has-post-thumbnail","hentry","category-aktualnosci"],"acf":[],"_links":{"self":[{"href":"https:\/\/radio.uksw.edu.pl\/pl\/wp-json\/wp\/v2\/posts\/3286","targetHints":{"allow":["GET"]}}],"collection":[{"href":"https:\/\/radio.uksw.edu.pl\/pl\/wp-json\/wp\/v2\/posts"}],"about":[{"href":"https:\/\/radio.uksw.edu.pl\/pl\/wp-json\/wp\/v2\/types\/post"}],"author":[{"embeddable":true,"href":"https:\/\/radio.uksw.edu.pl\/pl\/wp-json\/wp\/v2\/users\/7"}],"replies":[{"embeddable":true,"href":"https:\/\/radio.uksw.edu.pl\/pl\/wp-json\/wp\/v2\/comments?post=3286"}],"version-history":[{"count":2,"href":"https:\/\/radio.uksw.edu.pl\/pl\/wp-json\/wp\/v2\/posts\/3286\/revisions"}],"predecessor-version":[{"id":5635,"href":"https:\/\/radio.uksw.edu.pl\/pl\/wp-json\/wp\/v2\/posts\/3286\/revisions\/5635"}],"wp:featuredmedia":[{"embeddable":true,"href":"https:\/\/radio.uksw.edu.pl\/pl\/wp-json\/wp\/v2\/media\/5634"}],"wp:attachment":[{"href":"https:\/\/radio.uksw.edu.pl\/pl\/wp-json\/wp\/v2\/media?parent=3286"}],"wp:term":[{"taxonomy":"category","embeddable":true,"href":"https:\/\/radio.uksw.edu.pl\/pl\/wp-json\/wp\/v2\/categories?post=3286"},{"taxonomy":"post_tag","embeddable":true,"href":"https:\/\/radio.uksw.edu.pl\/pl\/wp-json\/wp\/v2\/tags?post=3286"}],"curies":[{"name":"wp","href":"https:\/\/api.w.org\/{rel}","templated":true}]}}