{"id":3285,"date":"2016-06-26T00:00:00","date_gmt":"2016-06-26T00:00:00","guid":{"rendered":"http:\/\/pc-4\/uksw\/gosc-magazynu-studenckiego-maciej-mazanski\/"},"modified":"2022-12-20T15:36:26","modified_gmt":"2022-12-20T14:36:26","slug":"gosc-magazynu-studenckiego-maciej-mazanski","status":"publish","type":"post","link":"https:\/\/radio.uksw.edu.pl\/gosc-magazynu-studenckiego-maciej-mazanski\/","title":{"rendered":"Go\u015b\u0107 magazynu studenckiego &#8211; Maciej Maza\u0144ski"},"content":{"rendered":"<p style=\"text-align: center\">Cz\u0142owiek orkiestra, studiuje dziennie, montuje materia\u0142y wideo, ale tak\u017ce sam je nagrywa. Opr\u00f3cz tego zdaje relacje z najwi\u0119kszego muzycznego show na \u015bwiecie. O jego wsp\u00f3\u0142pracy z <strong>\u0141ukaszem Jak\u00f3biakiem<\/strong>, o w\u0142asnym projekcie oraz o tym, za co dzi\u0119kuje naszej uczelni, b\u0119dziecie mogli us\u0142ysze\u0107 w <strong>poniedzia\u0142ek 27 czerwca<\/strong>.<br \/>\nZaprasza redakcja informacyjna \ud83d\ude09<\/p>\n<p style=\"text-align: center\">\n","protected":false},"excerpt":{"rendered":"<p>Cz\u0142owiek orkiestra, studiuje dziennie, montuje materia\u0142y wideo, ale tak\u017ce sam je nagrywa. Opr\u00f3cz tego zdaje relacje z najwi\u0119kszego muzycznego show na \u015bwiecie. O jego wsp\u00f3\u0142pracy z \u0141ukaszem Jak\u00f3biakiem, o w\u0142asnym projekcie oraz o tym, za co dzi\u0119kuje naszej uczelni, b\u0119dziecie mogli us\u0142ysze\u0107 w poniedzia\u0142ek 27 czerwca. Zaprasza redakcja informacyjna \ud83d\ude09<\/p>\n","protected":false},"author":7,"featured_media":0,"comment_status":"open","ping_status":"closed","sticky":false,"template":"","format":"standard","meta":{"_acf_changed":false,"inline_featured_image":false,"footnotes":"","_links_to":"","_links_to_target":""},"categories":[1],"tags":[],"class_list":["post-3285","post","type-post","status-publish","format-standard","hentry","category-aktualnosci"],"acf":[],"_links":{"self":[{"href":"https:\/\/radio.uksw.edu.pl\/pl\/wp-json\/wp\/v2\/posts\/3285","targetHints":{"allow":["GET"]}}],"collection":[{"href":"https:\/\/radio.uksw.edu.pl\/pl\/wp-json\/wp\/v2\/posts"}],"about":[{"href":"https:\/\/radio.uksw.edu.pl\/pl\/wp-json\/wp\/v2\/types\/post"}],"author":[{"embeddable":true,"href":"https:\/\/radio.uksw.edu.pl\/pl\/wp-json\/wp\/v2\/users\/7"}],"replies":[{"embeddable":true,"href":"https:\/\/radio.uksw.edu.pl\/pl\/wp-json\/wp\/v2\/comments?post=3285"}],"version-history":[{"count":1,"href":"https:\/\/radio.uksw.edu.pl\/pl\/wp-json\/wp\/v2\/posts\/3285\/revisions"}],"predecessor-version":[{"id":5356,"href":"https:\/\/radio.uksw.edu.pl\/pl\/wp-json\/wp\/v2\/posts\/3285\/revisions\/5356"}],"wp:attachment":[{"href":"https:\/\/radio.uksw.edu.pl\/pl\/wp-json\/wp\/v2\/media?parent=3285"}],"wp:term":[{"taxonomy":"category","embeddable":true,"href":"https:\/\/radio.uksw.edu.pl\/pl\/wp-json\/wp\/v2\/categories?post=3285"},{"taxonomy":"post_tag","embeddable":true,"href":"https:\/\/radio.uksw.edu.pl\/pl\/wp-json\/wp\/v2\/tags?post=3285"}],"curies":[{"name":"wp","href":"https:\/\/api.w.org\/{rel}","templated":true}]}}