{"id":3282,"date":"2016-06-20T00:00:00","date_gmt":"2016-06-20T00:00:00","guid":{"rendered":"http:\/\/pc-4\/uksw\/gosc-magazynu-studenckiego-jan-sedek\/"},"modified":"2016-06-20T00:00:00","modified_gmt":"2016-06-20T00:00:00","slug":"gosc-magazynu-studenckiego-jan-sedek","status":"publish","type":"post","link":"https:\/\/radio.uksw.edu.pl\/gosc-magazynu-studenckiego-jan-sedek\/","title":{"rendered":"Go\u015b\u0107 magazynu studenckiego &#8211; Jan S\u0119dek"},"content":{"rendered":"<p style=\"text-align: center\">Kolejna ciekawa posta\u0107 w naszym radiu! Student naszego uniwersytetu &#8211; <strong>Jan S\u0119dek<\/strong>. Osoba zwi\u0105zania z Ruchem \u015awiat\u0142o-\u017bycie, bloger oraz tw\u00f3rca gry. Je\u015bli jeste\u015bcie ciekawi tej osoby serdecznie zapraszamy Was na audycj\u0119 redakcji informacyjnej <strong>20 czerwca o godzinie 19:00.<\/strong><\/p>\n","protected":false},"excerpt":{"rendered":"<p>Kolejna ciekawa posta\u0107 w naszym radiu! Student naszego uniwersytetu &#8211; Jan S\u0119dek. Osoba zwi\u0105zania z Ruchem \u015awiat\u0142o-\u017bycie, bloger oraz tw\u00f3rca gry. Je\u015bli jeste\u015bcie ciekawi tej osoby serdecznie zapraszamy Was na audycj\u0119 redakcji informacyjnej 20 czerwca o godzinie 19:00.<\/p>\n","protected":false},"author":7,"featured_media":0,"comment_status":"open","ping_status":"closed","sticky":false,"template":"","format":"standard","meta":{"_acf_changed":false,"inline_featured_image":false,"footnotes":"","_links_to":"","_links_to_target":""},"categories":[12],"tags":[],"class_list":["post-3282","post","type-post","status-publish","format-standard","hentry","category-kultura"],"acf":[],"_links":{"self":[{"href":"https:\/\/radio.uksw.edu.pl\/pl\/wp-json\/wp\/v2\/posts\/3282","targetHints":{"allow":["GET"]}}],"collection":[{"href":"https:\/\/radio.uksw.edu.pl\/pl\/wp-json\/wp\/v2\/posts"}],"about":[{"href":"https:\/\/radio.uksw.edu.pl\/pl\/wp-json\/wp\/v2\/types\/post"}],"author":[{"embeddable":true,"href":"https:\/\/radio.uksw.edu.pl\/pl\/wp-json\/wp\/v2\/users\/7"}],"replies":[{"embeddable":true,"href":"https:\/\/radio.uksw.edu.pl\/pl\/wp-json\/wp\/v2\/comments?post=3282"}],"version-history":[{"count":0,"href":"https:\/\/radio.uksw.edu.pl\/pl\/wp-json\/wp\/v2\/posts\/3282\/revisions"}],"wp:attachment":[{"href":"https:\/\/radio.uksw.edu.pl\/pl\/wp-json\/wp\/v2\/media?parent=3282"}],"wp:term":[{"taxonomy":"category","embeddable":true,"href":"https:\/\/radio.uksw.edu.pl\/pl\/wp-json\/wp\/v2\/categories?post=3282"},{"taxonomy":"post_tag","embeddable":true,"href":"https:\/\/radio.uksw.edu.pl\/pl\/wp-json\/wp\/v2\/tags?post=3282"}],"curies":[{"name":"wp","href":"https:\/\/api.w.org\/{rel}","templated":true}]}}