{"id":3278,"date":"2016-06-01T00:00:00","date_gmt":"2016-06-01T00:00:00","guid":{"rendered":"http:\/\/pc-4\/uksw\/zapraszamy-na-piknik-z-tata\/"},"modified":"2022-12-21T06:25:55","modified_gmt":"2022-12-21T05:25:55","slug":"zapraszamy-na-piknik-z-tata","status":"publish","type":"post","link":"https:\/\/radio.uksw.edu.pl\/zapraszamy-na-piknik-z-tata\/","title":{"rendered":"Zapraszamy na &#8222;Piknik z Tat\u0105&#8221;!"},"content":{"rendered":"<p>Dzie\u0144 Ojca zbli\u017ca si\u0119 wielkimi krokami. Nie macie pomys\u0142u, jak sp\u0119dzi\u0107 to wyj\u0105tkowe \u015bwi\u0119to? Razem z nami odwied\u017acie &#8222;Piknik z Tat\u0105&#8221;!<\/p>\n<p>Ojciec to charakter, wola walki, odwaga, zdecydowanie, wiara, wytrwa\u0142o\u015b\u0107, odpowiedzialno\u015b\u0107, bezpiecze\u0144stwo i wszystkie inne przymioty, kt\u00f3re prowadz\u0105 wprost do sukcesu. Dlatego Katolickie Centrum Kultury Dobre Miejsce razem z Dzielnic\u0105 Bielany zach\u0119ca do \u015bwi\u0119towania Dnia Ojca w gronie rodzinnym podczas <strong>\u201ePikniku z Tat\u0105\u201d w Lesie Biela\u0144skim 19 czerwca<\/strong>. <strong>Zaczynamy o godz. 10:00<\/strong>.<\/p>\n<p>Czekaj\u0105 na Was niesamowite atrakcje &#8211;&nbsp;Koncert zespo\u0142u folkowego Drewutnia, warsztaty plastyczne, gry i zabawy, konkursy sportowe, teatrzyk, motocykle, zaprz\u0119g konny, dmuchany zamek, pojazd elektryczny,&nbsp; pokazy chemiczne, grill samoobs\u0142ugowy, KIERMASZ R\u0118KODZIE\u0141A i wiele, wiele &nbsp;innych atrakcji! My wraz z redakcj\u0105 na pewno si\u0119 pojawimy &#8211; a Wy? \ud83d\ude09<\/p>\n<p>Po wi\u0119cej informacji &nbsp;<a href=\"http:\/\/dobremiejsce.org\/piknik-z-tata-2016-z-okazji-dnia-ojca-w-lesie-bielanskim\/\" target=\"_blank\" rel=\"noopener\">KLIKNIJ TUTAJ<\/a>.<\/p>\n<p style=\"text-align: center\"><a href=\"https:\/\/radio.uksw.edu.pl\/wp-content\/uploads\/sites\/32\/2016\/06\/Piknik_z_Tata_2016_DOBRE_MIEJSCE_.jpg\"><img decoding=\"async\" class=\"alignnone size-medium wp-image-454\" src=\"https:\/\/radio.uksw.edu.pl\/wp-content\/uploads\/sites\/32\/2016\/06\/Piknik_z_Tata_2016_DOBRE_MIEJSCE_-213x300.jpg\" alt=\"piknik z tata_reklama_A3+5mm spady_loga_2.cdr\" width=\"213\" height=\"300\"><\/a><\/p>\n","protected":false},"excerpt":{"rendered":"<p>Dzie\u0144 Ojca zbli\u017ca si\u0119 wielkimi krokami. Nie macie pomys\u0142u, jak sp\u0119dzi\u0107 to wyj\u0105tkowe \u015bwi\u0119to? Razem z nami odwied\u017acie &#8222;Piknik z Tat\u0105&#8221;! Ojciec to charakter, wola walki, odwaga, zdecydowanie, wiara, wytrwa\u0142o\u015b\u0107, odpowiedzialno\u015b\u0107, bezpiecze\u0144stwo i wszystkie inne przymioty, kt\u00f3re prowadz\u0105 wprost do sukcesu. Dlatego Katolickie Centrum Kultury Dobre Miejsce razem z Dzielnic\u0105 Bielany zach\u0119ca do \u015bwi\u0119towania Dnia [&hellip;]<\/p>\n","protected":false},"author":7,"featured_media":5636,"comment_status":"open","ping_status":"closed","sticky":false,"template":"","format":"standard","meta":{"_acf_changed":false,"inline_featured_image":false,"footnotes":"","_links_to":"","_links_to_target":""},"categories":[1],"tags":[],"class_list":["post-3278","post","type-post","status-publish","format-standard","has-post-thumbnail","hentry","category-aktualnosci"],"acf":[],"_links":{"self":[{"href":"https:\/\/radio.uksw.edu.pl\/pl\/wp-json\/wp\/v2\/posts\/3278","targetHints":{"allow":["GET"]}}],"collection":[{"href":"https:\/\/radio.uksw.edu.pl\/pl\/wp-json\/wp\/v2\/posts"}],"about":[{"href":"https:\/\/radio.uksw.edu.pl\/pl\/wp-json\/wp\/v2\/types\/post"}],"author":[{"embeddable":true,"href":"https:\/\/radio.uksw.edu.pl\/pl\/wp-json\/wp\/v2\/users\/7"}],"replies":[{"embeddable":true,"href":"https:\/\/radio.uksw.edu.pl\/pl\/wp-json\/wp\/v2\/comments?post=3278"}],"version-history":[{"count":2,"href":"https:\/\/radio.uksw.edu.pl\/pl\/wp-json\/wp\/v2\/posts\/3278\/revisions"}],"predecessor-version":[{"id":5637,"href":"https:\/\/radio.uksw.edu.pl\/pl\/wp-json\/wp\/v2\/posts\/3278\/revisions\/5637"}],"wp:featuredmedia":[{"embeddable":true,"href":"https:\/\/radio.uksw.edu.pl\/pl\/wp-json\/wp\/v2\/media\/5636"}],"wp:attachment":[{"href":"https:\/\/radio.uksw.edu.pl\/pl\/wp-json\/wp\/v2\/media?parent=3278"}],"wp:term":[{"taxonomy":"category","embeddable":true,"href":"https:\/\/radio.uksw.edu.pl\/pl\/wp-json\/wp\/v2\/categories?post=3278"},{"taxonomy":"post_tag","embeddable":true,"href":"https:\/\/radio.uksw.edu.pl\/pl\/wp-json\/wp\/v2\/tags?post=3278"}],"curies":[{"name":"wp","href":"https:\/\/api.w.org\/{rel}","templated":true}]}}