{"id":3276,"date":"2016-05-27T00:00:00","date_gmt":"2016-05-27T00:00:00","guid":{"rendered":"http:\/\/pc-4\/uksw\/w-boze-cialo-do-rwandy-i-na-ukraine\/"},"modified":"2022-12-21T06:28:15","modified_gmt":"2022-12-21T05:28:15","slug":"w-boze-cialo-do-rwandy-i-na-ukraine","status":"publish","type":"post","link":"https:\/\/radio.uksw.edu.pl\/w-boze-cialo-do-rwandy-i-na-ukraine\/","title":{"rendered":"W Bo\u017ce Cia\u0142o do Rwandy&#8230; i na Ukrain\u0119"},"content":{"rendered":"<div><a href=\"https:\/\/radio.uksw.edu.pl\/wp-content\/uploads\/sites\/32\/2016\/05\/WP_20160524_004.jpg\"><img decoding=\"async\" class=\"aligncenter wp-image-389 size-large\" src=\"https:\/\/radio.uksw.edu.pl\/wp-content\/uploads\/sites\/32\/2016\/05\/WP_20160524_004-1024x575.jpg\" alt=\"WP_20160524_004\" width=\"747\" height=\"419\"><\/a><\/div>\n<div>Uda\u0142o si\u0119 Wam gdzie\u015b wyjecha\u0107 na d\u0142ugi weekend? Nie? Nic straconego! W Bo\u017ce Cia\u0142o Paulina Godlewska i Magdalena Je\u017cak zabra\u0142y naszych s\u0142uchaczy w dalek\u0105 podr\u00f3\u017c do Rwandy i &#8230;na Ukrain\u0119. Go\u015bciem redakcji wiary by\u0142 prezes fundacji Salvatti, ks. Jerzy Liman\u00f3wka. Opowiedzia\u0142 naszym s\u0142uchaczom o wyjazdach na misje, zakonie pallotyn\u00f3w, palloty\u0144skich dniach m\u0142odzie\u017cy, projekcie malowanka i innych dzia\u0142aniach fundacji.<\/div>\n<div><a href=\"https:\/\/radio.uksw.edu.pl\/wp-content\/uploads\/sites\/32\/2016\/05\/WP_20160524_001.jpg\"><img decoding=\"async\" class=\"size-medium wp-image-388 aligncenter\" src=\"https:\/\/radio.uksw.edu.pl\/wp-content\/uploads\/sites\/32\/2016\/05\/WP_20160524_001-168x300.jpg\" alt=\"WP_20160524_001\" width=\"168\" height=\"300\"><\/a><\/div>\n","protected":false},"excerpt":{"rendered":"<p>Uda\u0142o si\u0119 Wam gdzie\u015b wyjecha\u0107 na d\u0142ugi weekend? Nie? Nic straconego! W Bo\u017ce Cia\u0142o Paulina Godlewska i Magdalena Je\u017cak zabra\u0142y naszych s\u0142uchaczy w dalek\u0105 podr\u00f3\u017c do Rwandy i &#8230;na Ukrain\u0119. Go\u015bciem redakcji wiary by\u0142 prezes fundacji Salvatti, ks. Jerzy Liman\u00f3wka. Opowiedzia\u0142 naszym s\u0142uchaczom o wyjazdach na misje, zakonie pallotyn\u00f3w, palloty\u0144skich dniach m\u0142odzie\u017cy, projekcie malowanka i [&hellip;]<\/p>\n","protected":false},"author":7,"featured_media":5640,"comment_status":"open","ping_status":"closed","sticky":false,"template":"","format":"standard","meta":{"_acf_changed":false,"inline_featured_image":false,"footnotes":"","_links_to":"","_links_to_target":""},"categories":[1],"tags":[],"class_list":["post-3276","post","type-post","status-publish","format-standard","has-post-thumbnail","hentry","category-aktualnosci"],"acf":[],"_links":{"self":[{"href":"https:\/\/radio.uksw.edu.pl\/pl\/wp-json\/wp\/v2\/posts\/3276","targetHints":{"allow":["GET"]}}],"collection":[{"href":"https:\/\/radio.uksw.edu.pl\/pl\/wp-json\/wp\/v2\/posts"}],"about":[{"href":"https:\/\/radio.uksw.edu.pl\/pl\/wp-json\/wp\/v2\/types\/post"}],"author":[{"embeddable":true,"href":"https:\/\/radio.uksw.edu.pl\/pl\/wp-json\/wp\/v2\/users\/7"}],"replies":[{"embeddable":true,"href":"https:\/\/radio.uksw.edu.pl\/pl\/wp-json\/wp\/v2\/comments?post=3276"}],"version-history":[{"count":2,"href":"https:\/\/radio.uksw.edu.pl\/pl\/wp-json\/wp\/v2\/posts\/3276\/revisions"}],"predecessor-version":[{"id":5641,"href":"https:\/\/radio.uksw.edu.pl\/pl\/wp-json\/wp\/v2\/posts\/3276\/revisions\/5641"}],"wp:featuredmedia":[{"embeddable":true,"href":"https:\/\/radio.uksw.edu.pl\/pl\/wp-json\/wp\/v2\/media\/5640"}],"wp:attachment":[{"href":"https:\/\/radio.uksw.edu.pl\/pl\/wp-json\/wp\/v2\/media?parent=3276"}],"wp:term":[{"taxonomy":"category","embeddable":true,"href":"https:\/\/radio.uksw.edu.pl\/pl\/wp-json\/wp\/v2\/categories?post=3276"},{"taxonomy":"post_tag","embeddable":true,"href":"https:\/\/radio.uksw.edu.pl\/pl\/wp-json\/wp\/v2\/tags?post=3276"}],"curies":[{"name":"wp","href":"https:\/\/api.w.org\/{rel}","templated":true}]}}