{"id":3274,"date":"2016-05-25T00:00:00","date_gmt":"2016-05-25T00:00:00","guid":{"rendered":"http:\/\/pc-4\/uksw\/sluchajcie-nas-razem-z-konradem-szafrancem\/"},"modified":"2022-12-21T06:29:26","modified_gmt":"2022-12-21T05:29:26","slug":"sluchajcie-nas-razem-z-konradem-szafrancem","status":"publish","type":"post","link":"https:\/\/radio.uksw.edu.pl\/sluchajcie-nas-razem-z-konradem-szafrancem\/","title":{"rendered":"S\u0142uchajcie nas razem z Konradem Szafra\u0144cem!"},"content":{"rendered":"<p>Do s\u0142uchania naszego radia zach\u0119ca tak\u017ce Konrad Szafraniec, instruktor ZUMBA FITNESS. Wywiad o fenomenie tego programu fitness, o byciu instruktorem i o wielu innych sprawach us\u0142yszycie ju\u017c w czerwcu. Zapraszamy!<\/p>\n<div style=\"width: 640px;\" class=\"wp-video\"><!--[if lt IE 9]><script>document.createElement('video');<\/script><![endif]-->\n<video class=\"wp-video-shortcode\" id=\"video-3274-1\" width=\"640\" height=\"368\" preload=\"metadata\" controls=\"controls\"><source type=\"video\/mp4\" src=\"https:\/\/radio.uksw.edu.pl\/wp-content\/uploads\/sites\/32\/2016\/05\/video-1464157772.mp4?_=1\" \/><a href=\"https:\/\/radio.uksw.edu.pl\/wp-content\/uploads\/sites\/32\/2016\/05\/video-1464157772.mp4\">https:\/\/radio.uksw.edu.pl\/wp-content\/uploads\/sites\/32\/2016\/05\/video-1464157772.mp4<\/a><\/video><\/div>\n","protected":false},"excerpt":{"rendered":"<p>Do s\u0142uchania naszego radia zach\u0119ca tak\u017ce Konrad Szafraniec, instruktor ZUMBA FITNESS. Wywiad o fenomenie tego programu fitness, o byciu instruktorem i o wielu innych sprawach us\u0142yszycie ju\u017c w czerwcu. Zapraszamy!<\/p>\n","protected":false},"author":7,"featured_media":5642,"comment_status":"open","ping_status":"closed","sticky":false,"template":"","format":"standard","meta":{"_acf_changed":false,"inline_featured_image":false,"footnotes":"","_links_to":"","_links_to_target":""},"categories":[1],"tags":[],"class_list":["post-3274","post","type-post","status-publish","format-standard","has-post-thumbnail","hentry","category-aktualnosci"],"acf":[],"_links":{"self":[{"href":"https:\/\/radio.uksw.edu.pl\/pl\/wp-json\/wp\/v2\/posts\/3274","targetHints":{"allow":["GET"]}}],"collection":[{"href":"https:\/\/radio.uksw.edu.pl\/pl\/wp-json\/wp\/v2\/posts"}],"about":[{"href":"https:\/\/radio.uksw.edu.pl\/pl\/wp-json\/wp\/v2\/types\/post"}],"author":[{"embeddable":true,"href":"https:\/\/radio.uksw.edu.pl\/pl\/wp-json\/wp\/v2\/users\/7"}],"replies":[{"embeddable":true,"href":"https:\/\/radio.uksw.edu.pl\/pl\/wp-json\/wp\/v2\/comments?post=3274"}],"version-history":[{"count":1,"href":"https:\/\/radio.uksw.edu.pl\/pl\/wp-json\/wp\/v2\/posts\/3274\/revisions"}],"predecessor-version":[{"id":5361,"href":"https:\/\/radio.uksw.edu.pl\/pl\/wp-json\/wp\/v2\/posts\/3274\/revisions\/5361"}],"wp:featuredmedia":[{"embeddable":true,"href":"https:\/\/radio.uksw.edu.pl\/pl\/wp-json\/wp\/v2\/media\/5642"}],"wp:attachment":[{"href":"https:\/\/radio.uksw.edu.pl\/pl\/wp-json\/wp\/v2\/media?parent=3274"}],"wp:term":[{"taxonomy":"category","embeddable":true,"href":"https:\/\/radio.uksw.edu.pl\/pl\/wp-json\/wp\/v2\/categories?post=3274"},{"taxonomy":"post_tag","embeddable":true,"href":"https:\/\/radio.uksw.edu.pl\/pl\/wp-json\/wp\/v2\/tags?post=3274"}],"curies":[{"name":"wp","href":"https:\/\/api.w.org\/{rel}","templated":true}]}}