{"id":3267,"date":"2016-05-21T00:00:00","date_gmt":"2016-05-21T00:00:00","guid":{"rendered":"http:\/\/pc-4\/uksw\/zespol-bemy-w-radiu-uksw\/"},"modified":"2022-12-21T06:36:13","modified_gmt":"2022-12-21T05:36:13","slug":"zespol-bemy-w-radiu-uksw","status":"publish","type":"post","link":"https:\/\/radio.uksw.edu.pl\/zespol-bemy-w-radiu-uksw\/","title":{"rendered":"Zesp\u00f3\u0142 BEMY w Radiu UKSW"},"content":{"rendered":"<p>Naszymi go\u015b\u0107mi w studiu byli Mattia i Elie Rosinscy z&#8230;zespo\u0142u&nbsp;<a href=\"https:\/\/www.facebook.com\/BEMYBAND\/\" data-hovercard=\"\/ajax\/hovercard\/page.php?id=855200974498891\">BEMY<\/a>. O debiutanckim albumie, koncertach, przeprowadzce do Polski i&#8230; o tym jakim wsp\u00f3\u0142lokatorem jest Ed Sheeran, b\u0119dziecie mogli pos\u0142ucha\u0107 ju\u017c niebawem, w pi\u0105tek, 27 maja, w Magazynie Muzycznym Radia UKSW.&nbsp;Do us\u0142yszenia!!!!! &nbsp;Na wywiad zaprasza Sandra Gozdur!!!!!<\/p>\n","protected":false},"excerpt":{"rendered":"<p>Naszymi go\u015b\u0107mi w studiu byli Mattia i Elie Rosinscy z&#8230;zespo\u0142u&nbsp;BEMY. O debiutanckim albumie, koncertach, przeprowadzce do Polski i&#8230; o tym jakim wsp\u00f3\u0142lokatorem jest Ed Sheeran, b\u0119dziecie mogli pos\u0142ucha\u0107 ju\u017c niebawem, w pi\u0105tek, 27 maja, w Magazynie Muzycznym Radia UKSW.&nbsp;Do us\u0142yszenia!!!!! &nbsp;Na wywiad zaprasza Sandra Gozdur!!!!!<\/p>\n","protected":false},"author":7,"featured_media":5649,"comment_status":"open","ping_status":"closed","sticky":false,"template":"","format":"standard","meta":{"_acf_changed":false,"inline_featured_image":false,"footnotes":"","_links_to":"","_links_to_target":""},"categories":[1],"tags":[],"class_list":["post-3267","post","type-post","status-publish","format-standard","has-post-thumbnail","hentry","category-aktualnosci"],"acf":[],"_links":{"self":[{"href":"https:\/\/radio.uksw.edu.pl\/pl\/wp-json\/wp\/v2\/posts\/3267","targetHints":{"allow":["GET"]}}],"collection":[{"href":"https:\/\/radio.uksw.edu.pl\/pl\/wp-json\/wp\/v2\/posts"}],"about":[{"href":"https:\/\/radio.uksw.edu.pl\/pl\/wp-json\/wp\/v2\/types\/post"}],"author":[{"embeddable":true,"href":"https:\/\/radio.uksw.edu.pl\/pl\/wp-json\/wp\/v2\/users\/7"}],"replies":[{"embeddable":true,"href":"https:\/\/radio.uksw.edu.pl\/pl\/wp-json\/wp\/v2\/comments?post=3267"}],"version-history":[{"count":2,"href":"https:\/\/radio.uksw.edu.pl\/pl\/wp-json\/wp\/v2\/posts\/3267\/revisions"}],"predecessor-version":[{"id":5650,"href":"https:\/\/radio.uksw.edu.pl\/pl\/wp-json\/wp\/v2\/posts\/3267\/revisions\/5650"}],"wp:featuredmedia":[{"embeddable":true,"href":"https:\/\/radio.uksw.edu.pl\/pl\/wp-json\/wp\/v2\/media\/5649"}],"wp:attachment":[{"href":"https:\/\/radio.uksw.edu.pl\/pl\/wp-json\/wp\/v2\/media?parent=3267"}],"wp:term":[{"taxonomy":"category","embeddable":true,"href":"https:\/\/radio.uksw.edu.pl\/pl\/wp-json\/wp\/v2\/categories?post=3267"},{"taxonomy":"post_tag","embeddable":true,"href":"https:\/\/radio.uksw.edu.pl\/pl\/wp-json\/wp\/v2\/tags?post=3267"}],"curies":[{"name":"wp","href":"https:\/\/api.w.org\/{rel}","templated":true}]}}